{"id":35805,"date":"2026-09-05T04:37:10","date_gmt":"2026-09-05T07:37:10","guid":{"rendered":"https:\/\/acontecenafronteira.com.br\/?p=35805"},"modified":"2026-09-05T04:37:10","modified_gmt":"2026-09-05T07:37:10","slug":"flavio-bolsonaro-visita-filipe-martins-em-prisao-no-parana","status":"publish","type":"post","link":"https:\/\/acontecenafronteira.com.br\/index.php\/2026\/09\/05\/flavio-bolsonaro-visita-filipe-martins-em-prisao-no-parana\/","title":{"rendered":"Fl\u00e1vio Bolsonaro visita Filipe Martins em pris\u00e3o no Paran\u00e1"},"content":{"rendered":"<p>Fl\u00e1vio Bolsonaro visita Filipe Martins em pris\u00e3o no Paran\u00e1 O senador Fl\u00e1vio Bolsonaro suspende campanha neste s\u00e1bado para visitar Filipe Martins na cadeia p\u00fablica de Ponta Grossa, no Paran\u00e1. Veja os detalhes. O senador e candidato \u00e0 Presid\u00eancia Fl\u00e1vio Bolsonaro (PL-RJ) pausou seus compromissos p\u00fablicos de campanha neste s\u00e1bado (5\/9) para ir ao estado do Paran\u00e1. Ele realiza uma visita ao aliado Filipe Martins, que est\u00e1 recluso na cadeia p\u00fablica localizada no munic\u00edpio de Ponta Grossa. <\/p>\n<h2>Autoriza\u00e7\u00e3o do STF para a visita<\/h2>\n<p> A entrada do parlamentar na unidade prisional paranaense foi devidamente liberada pelo ministro Alexandre de Moraes, integrante do Supremo Tribunal Federal (STF) e respons\u00e1vel pela condu\u00e7\u00e3o da pena. <\/p>\n<h2>Condena\u00e7\u00e3o e acusa\u00e7\u00f5es contra o ex-assessor<\/h2>\n<p> O ex-assessor especial da gest\u00e3o de Jair Bolsonaro (PL), Filipe Martins, cumpre pena de 21 anos de reclus\u00e3o. Ele foi sentenciado pela Primeira Turma do STF sob acusa\u00e7\u00f5es de participa\u00e7\u00e3o em uma tentativa de ruptura institucional ap\u00f3s o pleito de 2022. Entre as imputa\u00e7\u00f5es aceitas pela Justi\u00e7a est\u00e3o crimes como tentativa de aboli\u00e7\u00e3o violenta do Estado Democr\u00e1tico de Direito, forma\u00e7\u00e3o de quadrilha, golpe de Estado, al\u00e9m de danos ao patrim\u00f4nio. A investiga\u00e7\u00e3o apontou que ele teria participado da elabora\u00e7\u00e3o de um documento com medidas de exce\u00e7\u00e3o, que ficou conhecido como minuta do golpe. <\/p>\n<h2>Retomada dos compromissos pol\u00edticos<\/h2>\n<p> O deslocamento ao Paran\u00e1 configura o \u00fanico compromisso oficial do senador durante o fim de semana. As atividades normais de campanha ser\u00e3o retomadas apenas na pr\u00f3xima segunda-feira (7\/9), feriado nacional da Independ\u00eancia, data para a qual est\u00e1 programada uma mobiliza\u00e7\u00e3o com apoiadores na capital paulista. Por Reda\u00e7\u00e3o Acontece Reprodu\u00e7\u00e3o\/Instagram<\/p>\n","protected":false},"excerpt":{"rendered":"<p>Fl\u00e1vio Bolsonaro visita Filipe Martins em pris\u00e3o no Paran\u00e1 O senador Fl\u00e1vio Bolsonaro suspende campanha neste s\u00e1bado para visitar Filipe Martins na cadeia p\u00fablica de Ponta Grossa, no Paran\u00e1. Veja os detalhes. O senador e candidato \u00e0 Presid\u00eancia Fl\u00e1vio Bolsonaro (PL-RJ) pausou seus compromissos p\u00fablicos de campanha neste s\u00e1bado (5\/9) para ir ao estado do [&hellip;]<\/p>\n","protected":false},"author":0,"featured_media":35812,"comment_status":"open","ping_status":"open","sticky":false,"template":"","format":"standard","meta":{"footnotes":""},"categories":[6],"tags":[],"class_list":["post-35805","post","type-post","status-publish","format-standard","has-post-thumbnail","hentry","category-mercosul"],"_links":{"self":[{"href":"https:\/\/acontecenafronteira.com.br\/index.php\/wp-json\/wp\/v2\/posts\/35805","targetHints":{"allow":["GET"]}}],"collection":[{"href":"https:\/\/acontecenafronteira.com.br\/index.php\/wp-json\/wp\/v2\/posts"}],"about":[{"href":"https:\/\/acontecenafronteira.com.br\/index.php\/wp-json\/wp\/v2\/types\/post"}],"replies":[{"embeddable":true,"href":"https:\/\/acontecenafronteira.com.br\/index.php\/wp-json\/wp\/v2\/comments?post=35805"}],"version-history":[{"count":1,"href":"https:\/\/acontecenafronteira.com.br\/index.php\/wp-json\/wp\/v2\/posts\/35805\/revisions"}],"predecessor-version":[{"id":35811,"href":"https:\/\/acontecenafronteira.com.br\/index.php\/wp-json\/wp\/v2\/posts\/35805\/revisions\/35811"}],"wp:featuredmedia":[{"embeddable":true,"href":"https:\/\/acontecenafronteira.com.br\/index.php\/wp-json\/wp\/v2\/media\/35812"}],"wp:attachment":[{"href":"https:\/\/acontecenafronteira.com.br\/index.php\/wp-json\/wp\/v2\/media?parent=35805"}],"wp:term":[{"taxonomy":"category","embeddable":true,"href":"https:\/\/acontecenafronteira.com.br\/index.php\/wp-json\/wp\/v2\/categories?post=35805"},{"taxonomy":"post_tag","embeddable":true,"href":"https:\/\/acontecenafronteira.com.br\/index.php\/wp-json\/wp\/v2\/tags?post=35805"}],"curies":[{"name":"wp","href":"https:\/\/api.w.org\/{rel}","templated":true}]}}