{"id":35804,"date":"2026-09-05T04:37:06","date_gmt":"2026-09-05T07:37:06","guid":{"rendered":"https:\/\/acontecenafronteira.com.br\/?p=35804"},"modified":"2026-09-05T04:37:06","modified_gmt":"2026-09-05T07:37:06","slug":"crise-no-stf-lula-cobra-fachin-e-gonet-por-solucao","status":"publish","type":"post","link":"https:\/\/acontecenafronteira.com.br\/index.php\/2026\/09\/05\/crise-no-stf-lula-cobra-fachin-e-gonet-por-solucao\/","title":{"rendered":"Crise no STF: Lula cobra Fachin e Gonet por solu\u00e7\u00e3o"},"content":{"rendered":"<p>O embate p\u00fablico entre os ministros Alexandre de Moraes e Andr\u00e9 Mendon\u00e7a ultrapassou os limites do Supremo Tribunal Federal e acendeu o alerta no Pal\u00e1cio do Planalto, mobilizando o alto escal\u00e3o do governo federal em busca de uma conten\u00e7\u00e3o urgente para a crise institucional.<\/p>\n<h2>Reuni\u00e3o de emerg\u00eancia em Bras\u00edlia<\/h2>\n<p>Pouco antes de cumprir agenda p\u00fablica na capital federal, o presidente Luiz In\u00e1cio Lula da Silva conduziu um encontro reservado com figuras centrais da Rep\u00fablica para discutir a estabilidade da mais alta Corte do pa\u00eds.<\/p>\n<p>Participaram da reuni\u00e3o a porta fechada o presidente do Supremo, Edson Fachin, acompanhado pelo procurador-geral da Rep\u00fablica, Paulo Gonet, e pelo diretor-geral da Pol\u00edcia Federal, Andrei Rodrigues.<\/p>\n<h2>Cobran\u00e7a por transpar\u00eancia e estabilidade<\/h2>\n<p>Durante o encontro estrat\u00e9gico, o chefe do Executivo exigiu agilidade nas respostas e total transpar\u00eancia das autoridades, destacando que a reputa\u00e7\u00e3o e a credibilidade do sistema de justi\u00e7a brasileiro encontram-se seriamente amea\u00e7adas pelo atual cen\u00e1rio de atritos.<\/p>\n<p>O mandat\u00e1rio enfatizou que a miss\u00e3o de pacificar o tribunal cabe diretamente a Fachin e Gonet, fazendo duras cr\u00edticas a eventuais vazamentos seletivos motivados por agendas pol\u00edticas ou corporativas.<\/p>\n<p>Por fim, a autoridade m\u00e1xima do pa\u00eds refor\u00e7ou o entendimento de que nenhum agente p\u00fablico possui o direito de se valer de sua posi\u00e7\u00e3o oficial para a obten\u00e7\u00e3o de vantagens pessoais.<\/p>\n<p>Por Reda\u00e7\u00e3o Acontece<\/p>\n<p>Cr\u00e9ditos da imagem: Divulga\u00e7\u00e3o \/ Pal\u00e1cio do Planalto<\/p>\n","protected":false},"excerpt":{"rendered":"<p>O embate p\u00fablico entre os ministros Alexandre de Moraes e Andr\u00e9 Mendon\u00e7a ultrapassou os limites do Supremo Tribunal Federal e acendeu o alerta no Pal\u00e1cio do Planalto, mobilizando o alto escal\u00e3o do governo federal em busca de uma conten\u00e7\u00e3o urgente para a crise institucional. Reuni\u00e3o de emerg\u00eancia em Bras\u00edlia Pouco antes de cumprir agenda p\u00fablica [&hellip;]<\/p>\n","protected":false},"author":0,"featured_media":35810,"comment_status":"open","ping_status":"open","sticky":false,"template":"","format":"standard","meta":{"footnotes":""},"categories":[6],"tags":[],"class_list":["post-35804","post","type-post","status-publish","format-standard","has-post-thumbnail","hentry","category-mercosul"],"_links":{"self":[{"href":"https:\/\/acontecenafronteira.com.br\/index.php\/wp-json\/wp\/v2\/posts\/35804","targetHints":{"allow":["GET"]}}],"collection":[{"href":"https:\/\/acontecenafronteira.com.br\/index.php\/wp-json\/wp\/v2\/posts"}],"about":[{"href":"https:\/\/acontecenafronteira.com.br\/index.php\/wp-json\/wp\/v2\/types\/post"}],"replies":[{"embeddable":true,"href":"https:\/\/acontecenafronteira.com.br\/index.php\/wp-json\/wp\/v2\/comments?post=35804"}],"version-history":[{"count":1,"href":"https:\/\/acontecenafronteira.com.br\/index.php\/wp-json\/wp\/v2\/posts\/35804\/revisions"}],"predecessor-version":[{"id":35809,"href":"https:\/\/acontecenafronteira.com.br\/index.php\/wp-json\/wp\/v2\/posts\/35804\/revisions\/35809"}],"wp:featuredmedia":[{"embeddable":true,"href":"https:\/\/acontecenafronteira.com.br\/index.php\/wp-json\/wp\/v2\/media\/35810"}],"wp:attachment":[{"href":"https:\/\/acontecenafronteira.com.br\/index.php\/wp-json\/wp\/v2\/media?parent=35804"}],"wp:term":[{"taxonomy":"category","embeddable":true,"href":"https:\/\/acontecenafronteira.com.br\/index.php\/wp-json\/wp\/v2\/categories?post=35804"},{"taxonomy":"post_tag","embeddable":true,"href":"https:\/\/acontecenafronteira.com.br\/index.php\/wp-json\/wp\/v2\/tags?post=35804"}],"curies":[{"name":"wp","href":"https:\/\/api.w.org\/{rel}","templated":true}]}}