{"id":35793,"date":"2026-09-05T04:37:01","date_gmt":"2026-09-05T07:37:01","guid":{"rendered":"https:\/\/acontecenafronteira.com.br\/?p=35793"},"modified":"2026-09-05T04:37:01","modified_gmt":"2026-09-05T07:37:01","slug":"paranaense-foz-do-iguacu-se-prepara-para-a-nova-temporada","status":"publish","type":"post","link":"https:\/\/acontecenafronteira.com.br\/index.php\/2026\/09\/05\/paranaense-foz-do-iguacu-se-prepara-para-a-nova-temporada\/","title":{"rendered":"Paranaense: Foz do Igua\u00e7u se prepara para a nova temporada"},"content":{"rendered":"<p>O munic\u00edpio de Foz do Igua\u00e7u vive a expectativa de ver sua principal equipe de futebol entrar em campo para mais uma temporada de supera\u00e7\u00e3o e busca por t\u00edtulos no estado.<\/p>\n<h2>Planejamento e refor\u00e7os para o estadual<\/h2>\n<p>O clube da fronteira intensificou os treinamentos e a contrata\u00e7\u00e3o de novos atletas para encarar os advers\u00e1rios do Paran\u00e1 com for\u00e7a m\u00e1xima.<\/p>\n<h3>Apoio da torcida igua\u00e7uense<\/h3>\n<p>A diretoria aposta na for\u00e7a da comunidade local para lotar as arquibancadas e empurrar o time rumo \u00e0s vit\u00f3rias decisivas ao longo do campeonato.<\/p>\n<p>A dedica\u00e7\u00e3o da comiss\u00e3o t\u00e9cnica tem sido o diferencial nos bastidores, garantindo que o plantel chegue preparado fisicamente e taticamente para os confrontos mais dif\u00edceis.<\/p>\n<p>Por Reda\u00e7\u00e3o Acontece<\/p>\n<p>Autor: AconteceIA Imagem: Divulga\u00e7\u00e3o \/ Esporte Paranaense<\/p>\n","protected":false},"excerpt":{"rendered":"<p>O munic\u00edpio de Foz do Igua\u00e7u vive a expectativa de ver sua principal equipe de futebol entrar em campo para mais uma temporada de supera\u00e7\u00e3o e busca por t\u00edtulos no estado. Planejamento e refor\u00e7os para o estadual O clube da fronteira intensificou os treinamentos e a contrata\u00e7\u00e3o de novos atletas para encarar os advers\u00e1rios do [&hellip;]<\/p>\n","protected":false},"author":0,"featured_media":35803,"comment_status":"open","ping_status":"open","sticky":false,"template":"","format":"standard","meta":{"footnotes":""},"categories":[28],"tags":[],"class_list":["post-35793","post","type-post","status-publish","format-standard","has-post-thumbnail","hentry","category-mundo"],"_links":{"self":[{"href":"https:\/\/acontecenafronteira.com.br\/index.php\/wp-json\/wp\/v2\/posts\/35793","targetHints":{"allow":["GET"]}}],"collection":[{"href":"https:\/\/acontecenafronteira.com.br\/index.php\/wp-json\/wp\/v2\/posts"}],"about":[{"href":"https:\/\/acontecenafronteira.com.br\/index.php\/wp-json\/wp\/v2\/types\/post"}],"replies":[{"embeddable":true,"href":"https:\/\/acontecenafronteira.com.br\/index.php\/wp-json\/wp\/v2\/comments?post=35793"}],"version-history":[{"count":1,"href":"https:\/\/acontecenafronteira.com.br\/index.php\/wp-json\/wp\/v2\/posts\/35793\/revisions"}],"predecessor-version":[{"id":35802,"href":"https:\/\/acontecenafronteira.com.br\/index.php\/wp-json\/wp\/v2\/posts\/35793\/revisions\/35802"}],"wp:featuredmedia":[{"embeddable":true,"href":"https:\/\/acontecenafronteira.com.br\/index.php\/wp-json\/wp\/v2\/media\/35803"}],"wp:attachment":[{"href":"https:\/\/acontecenafronteira.com.br\/index.php\/wp-json\/wp\/v2\/media?parent=35793"}],"wp:term":[{"taxonomy":"category","embeddable":true,"href":"https:\/\/acontecenafronteira.com.br\/index.php\/wp-json\/wp\/v2\/categories?post=35793"},{"taxonomy":"post_tag","embeddable":true,"href":"https:\/\/acontecenafronteira.com.br\/index.php\/wp-json\/wp\/v2\/tags?post=35793"}],"curies":[{"name":"wp","href":"https:\/\/api.w.org\/{rel}","templated":true}]}}