{"id":35790,"date":"2026-09-05T04:36:26","date_gmt":"2026-09-05T07:36:26","guid":{"rendered":"https:\/\/acontecenafronteira.com.br\/?p=35790"},"modified":"2026-09-05T04:36:26","modified_gmt":"2026-09-05T07:36:26","slug":"moraes-usa-relatorio-para-sabotar-plano-de-lula-no-stf","status":"publish","type":"post","link":"https:\/\/acontecenafronteira.com.br\/index.php\/2026\/09\/05\/moraes-usa-relatorio-para-sabotar-plano-de-lula-no-stf\/","title":{"rendered":"Moraes usa relat\u00f3rio para sabotar plano de Lula no STF"},"content":{"rendered":"<p>Um documento sem assinatura da Pol\u00edcia Federal, utilizado pelo ministro Alexandre de Moraes para responder a um pedido de investiga\u00e7\u00e3o apresentado por Andr\u00e9 Mendon\u00e7a, revela bastidores de uma disputa de poder em Bras\u00edlia. A manobra jur\u00eddica n\u00e3o visa apenas neutralizar apura\u00e7\u00f5es sobre o caso Banco Master, mas tamb\u00e9m atuar diretamente contra as pretens\u00f5es do governo federal na mais alta corte do pa\u00eds.<\/p>\n<p>H2 Conex\u00e3o com a vaga no Supremo Tribunal Federal<\/p>\n<p>H3 O alvo da movimenta\u00e7\u00e3o nos bastidores<\/p>\n<p>O principal objetivo colateral dessa ofensiva \u00e9 frustrar a articula\u00e7\u00e3o do presidente Luiz In\u00e1cio Lula da Silva para nomear o atual advogado-geral da Uni\u00e3o, Jorge Messias, para a pr\u00f3xima vaga que ser\u00e1 aberta no Supremo Tribunal Federal.<\/p>\n<p>H2 Estrat\u00e9gias pol\u00edticas na mais alta corte<\/p>\n<p>A utiliza\u00e7\u00e3o do material ap\u00f3crifo pelo relator do inqu\u00e9rito das fake news evidencia um cen\u00e1rio complexo de tens\u00f5es entre os Poderes. Enquanto o Pal\u00e1cio do Planalto busca consolidar aliados em posi\u00e7\u00f5es estrat\u00e9gicas do judici\u00e1rio, setores do pr\u00f3prio tribunal resistem a essas movimenta\u00e7\u00f5es, gerando atritos constantes nos bastidores da pol\u00edtica nacional.<\/p>\n<p>O desdobramento dessas disputas promete acirrar ainda mais os \u00e2nimos entre o governo e o Supremo Tribunal Federal, com impactos diretos na escolha do futuro magistrado que ocupar\u00e1 a cadeira de destaque na corte m\u00e1xima do pa\u00eds.<\/p>\n<p>Por Reda\u00e7\u00e3o Acontece<\/p>\n<p>Cr\u00e9ditos da imagem: Divulga\u00e7\u00e3o \/ Ag\u00eancia Brasil<\/p>\n","protected":false},"excerpt":{"rendered":"<p>Um documento sem assinatura da Pol\u00edcia Federal, utilizado pelo ministro Alexandre de Moraes para responder a um pedido de investiga\u00e7\u00e3o apresentado por Andr\u00e9 Mendon\u00e7a, revela bastidores de uma disputa de poder em Bras\u00edlia. A manobra jur\u00eddica n\u00e3o visa apenas neutralizar apura\u00e7\u00f5es sobre o caso Banco Master, mas tamb\u00e9m atuar diretamente contra as pretens\u00f5es do governo [&hellip;]<\/p>\n","protected":false},"author":0,"featured_media":35797,"comment_status":"open","ping_status":"open","sticky":false,"template":"","format":"standard","meta":{"footnotes":""},"categories":[28],"tags":[],"class_list":["post-35790","post","type-post","status-publish","format-standard","has-post-thumbnail","hentry","category-mundo"],"_links":{"self":[{"href":"https:\/\/acontecenafronteira.com.br\/index.php\/wp-json\/wp\/v2\/posts\/35790","targetHints":{"allow":["GET"]}}],"collection":[{"href":"https:\/\/acontecenafronteira.com.br\/index.php\/wp-json\/wp\/v2\/posts"}],"about":[{"href":"https:\/\/acontecenafronteira.com.br\/index.php\/wp-json\/wp\/v2\/types\/post"}],"replies":[{"embeddable":true,"href":"https:\/\/acontecenafronteira.com.br\/index.php\/wp-json\/wp\/v2\/comments?post=35790"}],"version-history":[{"count":1,"href":"https:\/\/acontecenafronteira.com.br\/index.php\/wp-json\/wp\/v2\/posts\/35790\/revisions"}],"predecessor-version":[{"id":35796,"href":"https:\/\/acontecenafronteira.com.br\/index.php\/wp-json\/wp\/v2\/posts\/35790\/revisions\/35796"}],"wp:featuredmedia":[{"embeddable":true,"href":"https:\/\/acontecenafronteira.com.br\/index.php\/wp-json\/wp\/v2\/media\/35797"}],"wp:attachment":[{"href":"https:\/\/acontecenafronteira.com.br\/index.php\/wp-json\/wp\/v2\/media?parent=35790"}],"wp:term":[{"taxonomy":"category","embeddable":true,"href":"https:\/\/acontecenafronteira.com.br\/index.php\/wp-json\/wp\/v2\/categories?post=35790"},{"taxonomy":"post_tag","embeddable":true,"href":"https:\/\/acontecenafronteira.com.br\/index.php\/wp-json\/wp\/v2\/tags?post=35790"}],"curies":[{"name":"wp","href":"https:\/\/api.w.org\/{rel}","templated":true}]}}