{"id":35778,"date":"2026-09-05T03:36:49","date_gmt":"2026-09-05T06:36:49","guid":{"rendered":"https:\/\/acontecenafronteira.com.br\/?p=35778"},"modified":"2026-09-05T03:36:49","modified_gmt":"2026-09-05T06:36:49","slug":"foz-do-iguacu-impacto-politico-apos-audios-de-nikolas-ferreira","status":"publish","type":"post","link":"https:\/\/acontecenafronteira.com.br\/index.php\/2026\/09\/05\/foz-do-iguacu-impacto-politico-apos-audios-de-nikolas-ferreira\/","title":{"rendered":"Foz do Igua\u00e7u: Impacto pol\u00edtico ap\u00f3s \u00e1udios de Nikolas Ferreira"},"content":{"rendered":"<p>A divulga\u00e7\u00e3o de conversas entre o deputado federal <b>Nikolas Ferreira<\/b> e o banqueiro Daniel Vorcaro gerou forte repercuss\u00e3o no cen\u00e1rio pol\u00edtico nacional, respingando em debates e estrat\u00e9gias eleitorais que mobilizam eleitores em diversas regi\u00f5es do pa\u00eds, incluindo o estado do Paran\u00e1.<\/p>\n<h2>Repercuss\u00e3o dos \u00e1udios e a defesa do parlamentar<\/h2>\n<p>As mensagens encontradas em um celular apreendido revelam tratativas entre o parlamentar e Vorcaro, datadas de mar\u00e7o de 2025, nas quais o pol\u00edtico pedia aux\u00edlio para um ativo miner\u00e1rio de seu ex-assessor. Ap\u00f3s o vazamento, o deputado adotou uma postura defensiva, alegando que mantinha contato distante e justificando o tratamento informal direcionado ao empres\u00e1rio.<\/p>\n<h2>O papel do pastor Andr\u00e9 Valad\u00e3o na intermedia\u00e7\u00e3o<\/h2>\n<p>O pastor Andr\u00e9 Valad\u00e3o, da Igreja Batista da Lagoinha, veio a p\u00fablico esclarecer sua participa\u00e7\u00e3o no caso. Ele confirmou ter feito a ponte entre os dois em abril de 2024, ressaltando, contudo, que sua atua\u00e7\u00e3o limitou-se \u00e0 apresenta\u00e7\u00e3o pessoal, sem qualquer envolvimento com negocia\u00e7\u00f5es financeiras ou atividades do setor banc\u00e1rio.<\/p>\n<h2>Documento contestado e rea\u00e7\u00f5es da oposi\u00e7\u00e3o<\/h2>\n<p>Em meio \u00e0s tentativas de contornar a crise, o parlamentar compartilhou nas redes sociais um suposto relat\u00f3rio da <b>Pol\u00edcia Federal<\/b> que o eximiria de irregularidades. A corpora\u00e7\u00e3o, no entanto, negou a autoria do documento, que acabou sendo removido. Enquanto isso, advers\u00e1rios pol\u00edticos intensificaram as cr\u00edticas, protocolando pedidos de investiga\u00e7\u00e3o e cassa\u00e7\u00e3o por quebra de decoro.<\/p>\n<p>Para tentar reverter o desgaste pol\u00edtico, a estrat\u00e9gia tra\u00e7ada pela equipe do deputado envolve o lan\u00e7amento de uma s\u00e9rie de ataques contra opositores e a confirma\u00e7\u00e3o de presen\u00e7a em manifesta\u00e7\u00f5es p\u00fablicas marcadas para o feriado de 7 de Setembro.<\/p>\n<p>Por Reda\u00e7\u00e3o Acontece AconteceIA<\/p>\n","protected":false},"excerpt":{"rendered":"<p>A divulga\u00e7\u00e3o de conversas entre o deputado federal Nikolas Ferreira e o banqueiro Daniel Vorcaro gerou forte repercuss\u00e3o no cen\u00e1rio pol\u00edtico nacional, respingando em debates e estrat\u00e9gias eleitorais que mobilizam eleitores em diversas regi\u00f5es do pa\u00eds, incluindo o estado do Paran\u00e1. Repercuss\u00e3o dos \u00e1udios e a defesa do parlamentar As mensagens encontradas em um celular [&hellip;]<\/p>\n","protected":false},"author":0,"featured_media":35788,"comment_status":"open","ping_status":"open","sticky":false,"template":"","format":"standard","meta":{"footnotes":""},"categories":[6],"tags":[],"class_list":["post-35778","post","type-post","status-publish","format-standard","has-post-thumbnail","hentry","category-mercosul"],"_links":{"self":[{"href":"https:\/\/acontecenafronteira.com.br\/index.php\/wp-json\/wp\/v2\/posts\/35778","targetHints":{"allow":["GET"]}}],"collection":[{"href":"https:\/\/acontecenafronteira.com.br\/index.php\/wp-json\/wp\/v2\/posts"}],"about":[{"href":"https:\/\/acontecenafronteira.com.br\/index.php\/wp-json\/wp\/v2\/types\/post"}],"replies":[{"embeddable":true,"href":"https:\/\/acontecenafronteira.com.br\/index.php\/wp-json\/wp\/v2\/comments?post=35778"}],"version-history":[{"count":1,"href":"https:\/\/acontecenafronteira.com.br\/index.php\/wp-json\/wp\/v2\/posts\/35778\/revisions"}],"predecessor-version":[{"id":35787,"href":"https:\/\/acontecenafronteira.com.br\/index.php\/wp-json\/wp\/v2\/posts\/35778\/revisions\/35787"}],"wp:featuredmedia":[{"embeddable":true,"href":"https:\/\/acontecenafronteira.com.br\/index.php\/wp-json\/wp\/v2\/media\/35788"}],"wp:attachment":[{"href":"https:\/\/acontecenafronteira.com.br\/index.php\/wp-json\/wp\/v2\/media?parent=35778"}],"wp:term":[{"taxonomy":"category","embeddable":true,"href":"https:\/\/acontecenafronteira.com.br\/index.php\/wp-json\/wp\/v2\/categories?post=35778"},{"taxonomy":"post_tag","embeddable":true,"href":"https:\/\/acontecenafronteira.com.br\/index.php\/wp-json\/wp\/v2\/tags?post=35778"}],"curies":[{"name":"wp","href":"https:\/\/api.w.org\/{rel}","templated":true}]}}