{"id":35777,"date":"2026-09-05T03:36:45","date_gmt":"2026-09-05T06:36:45","guid":{"rendered":"https:\/\/acontecenafronteira.com.br\/?p=35777"},"modified":"2026-09-05T03:36:45","modified_gmt":"2026-09-05T06:36:45","slug":"copa-do-mundo-feminina-sub-20-selecao-estreia-neste-sabado","status":"publish","type":"post","link":"https:\/\/acontecenafronteira.com.br\/index.php\/2026\/09\/05\/copa-do-mundo-feminina-sub-20-selecao-estreia-neste-sabado\/","title":{"rendered":"Copa do Mundo Feminina Sub-20: Sele\u00e7\u00e3o estreia neste s\u00e1bado"},"content":{"rendered":"<p>A busca pelo t\u00edtulo in\u00e9dito da <strong>Copa do Mundo Feminina Sub-20<\/strong> come\u00e7a neste s\u00e1bado (5\/9). A competi\u00e7\u00e3o internacional \u00e9 realizada na Pol\u00f4nia, reunindo 24 sele\u00e7\u00f5es at\u00e9 o dia 27 de setembro. A estreia brasileira acontece \u00e0s 10h (hor\u00e1rio de Bras\u00edlia), no Est\u00e1dio de Bielsko-Biala, contra a equipe da Tanz\u00e2nia, v\u00e1lida pelo Grupo B.<\/p>\n<h2>Caminho do Brasil rumo ao topo<\/h2>\n<p>\nComandada pela t\u00e9cnica Camilla Orlando, a <strong>Sele\u00e7\u00e3o Brasileira<\/strong> tenta superar as campanhas anteriores para erguer a ta\u00e7a pela primeira vez. Nas edi\u00e7\u00f5es de 2006 e 2022, o pa\u00eds alcan\u00e7ou o terceiro lugar, marcas que representam os melhores desempenhos da hist\u00f3ria nacional no torneio. Chegar \u00e0 grande final significar\u00e1 um feito in\u00e9dito para o grupo.<\/p>\n<h2>Calend\u00e1rio da fase de grupos<\/h2>\n<p>\nAp\u00f3s o confronto inicial diante das tanzanianas, as brasileiras encaram o Canad\u00e1 no dia 8 de setembro. O encerramento da primeira fase ocorre em 11 de setembro, quando o Brasil mede for\u00e7as com a forte sele\u00e7\u00e3o da Inglaterra. Todos os jogos da equipe nacional nesta etapa acontecem \u00e0s 10h.<\/p>\n<h2>Jovens talentos no elenco nacional<\/h2>\n<p>\nO grupo convocado conta com atletas de destaque internacional e nacional. Um dos nomes \u00e9 a goleira <strong>Tha\u00eds Lima<\/strong>, de 18 anos. Nascida em Portugal, ela possui dupla nacionalidade e defende o Benfica desde as categorias de base.<\/p>\n<p>Outro grande nome \u00e9 a meio-campista <strong>Kaylane<\/strong>, atleta do Flamengo de apenas 17 anos. A jogadora se juntou ao grupo tardiamente ap\u00f3s libera\u00e7\u00e3o para disputar as quartas de final da Copa do Brasil. No curr\u00edculo, a jovem acumula conquistas importantes como o bicampeonato da Copinha Feminina, al\u00e9m de t\u00edtulos sul-americanos e brasileiros nas categorias de base.<\/p>\n<p>Por Reda\u00e7\u00e3o Acontece<\/p>\n<p>Foto: Divulga\u00e7\u00e3o \/ CBF<\/p>\n","protected":false},"excerpt":{"rendered":"<p>A busca pelo t\u00edtulo in\u00e9dito da Copa do Mundo Feminina Sub-20 come\u00e7a neste s\u00e1bado (5\/9). A competi\u00e7\u00e3o internacional \u00e9 realizada na Pol\u00f4nia, reunindo 24 sele\u00e7\u00f5es at\u00e9 o dia 27 de setembro. A estreia brasileira acontece \u00e0s 10h (hor\u00e1rio de Bras\u00edlia), no Est\u00e1dio de Bielsko-Biala, contra a equipe da Tanz\u00e2nia, v\u00e1lida pelo Grupo B. Caminho do [&hellip;]<\/p>\n","protected":false},"author":0,"featured_media":35786,"comment_status":"open","ping_status":"open","sticky":false,"template":"","format":"standard","meta":{"footnotes":""},"categories":[6],"tags":[],"class_list":["post-35777","post","type-post","status-publish","format-standard","has-post-thumbnail","hentry","category-mercosul"],"_links":{"self":[{"href":"https:\/\/acontecenafronteira.com.br\/index.php\/wp-json\/wp\/v2\/posts\/35777","targetHints":{"allow":["GET"]}}],"collection":[{"href":"https:\/\/acontecenafronteira.com.br\/index.php\/wp-json\/wp\/v2\/posts"}],"about":[{"href":"https:\/\/acontecenafronteira.com.br\/index.php\/wp-json\/wp\/v2\/types\/post"}],"replies":[{"embeddable":true,"href":"https:\/\/acontecenafronteira.com.br\/index.php\/wp-json\/wp\/v2\/comments?post=35777"}],"version-history":[{"count":1,"href":"https:\/\/acontecenafronteira.com.br\/index.php\/wp-json\/wp\/v2\/posts\/35777\/revisions"}],"predecessor-version":[{"id":35785,"href":"https:\/\/acontecenafronteira.com.br\/index.php\/wp-json\/wp\/v2\/posts\/35777\/revisions\/35785"}],"wp:featuredmedia":[{"embeddable":true,"href":"https:\/\/acontecenafronteira.com.br\/index.php\/wp-json\/wp\/v2\/media\/35786"}],"wp:attachment":[{"href":"https:\/\/acontecenafronteira.com.br\/index.php\/wp-json\/wp\/v2\/media?parent=35777"}],"wp:term":[{"taxonomy":"category","embeddable":true,"href":"https:\/\/acontecenafronteira.com.br\/index.php\/wp-json\/wp\/v2\/categories?post=35777"},{"taxonomy":"post_tag","embeddable":true,"href":"https:\/\/acontecenafronteira.com.br\/index.php\/wp-json\/wp\/v2\/tags?post=35777"}],"curies":[{"name":"wp","href":"https:\/\/api.w.org\/{rel}","templated":true}]}}