{"id":35776,"date":"2026-09-05T03:36:40","date_gmt":"2026-09-05T06:36:40","guid":{"rendered":"https:\/\/acontecenafronteira.com.br\/?p=35776"},"modified":"2026-09-05T03:36:40","modified_gmt":"2026-09-05T06:36:40","slug":"moda-em-foz-do-iguacu-meia-com-sandalia-domina-ruas","status":"publish","type":"post","link":"https:\/\/acontecenafronteira.com.br\/index.php\/2026\/09\/05\/moda-em-foz-do-iguacu-meia-com-sandalia-domina-ruas\/","title":{"rendered":"Moda em Foz do Igua\u00e7u: Meia com sand\u00e1lia domina ruas"},"content":{"rendered":"<p>A mistura ousada de <strong>meias com sand\u00e1lias<\/strong> deixou de ser um erro fashion para virar febre entre os entusiastas da moda ao redor do planeta, trazendo conforto em primeiro lugar.<\/p>\n<h2>A tend\u00eancia nas passarelas e no asfalto<\/h2>\n<p>Durante o desfile de outono\/inverno da Fendi em Mil\u00e3o, a sobreposi\u00e7\u00e3o apareceu de forma s\u00f3bria, combinada com alfaiataria fina e meias delicadas para elevar a silhueta.<\/p>\n<p>Enquanto isso, nas ruas do Copenhagen Fashion Week, o visual ganhou um toque minimalista e despojado, perfeito para a meia-esta\u00e7\u00e3o com o uso de algod\u00e3o grosso ou modelos finos com salto.<\/p>\n<h2>Como adotar o estilo no dia a dia<\/h2>\n<p>Para quem deseja testar o visual, a dica inicial \u00e9 investir em tons s\u00f3brios e neutros como preto, branco e bege, que garantem eleg\u00e2ncia ao lado de cal\u00e7ados de tiras.<\/p>\n<p>Por outro lado, quem prefere ousar pode apostar em pe\u00e7as coloridas, estampadas ou com texturas transl\u00facidas para transformar o cal\u00e7ado no grande destaque do look.<\/p>\n<p>O segredo para acertar na produ\u00e7\u00e3o \u00e9 equilibrar as texturas, misturando meias de algod\u00e3o casual com sand\u00e1lias minimalistas para um visual moderno e aut\u00eantico.<\/p>\n<p>Por Reda\u00e7\u00e3o Acontece<\/p>\n<p>Foto: Reprodu\u00e7\u00e3o\/Redes Sociais<\/p>\n","protected":false},"excerpt":{"rendered":"<p>A mistura ousada de meias com sand\u00e1lias deixou de ser um erro fashion para virar febre entre os entusiastas da moda ao redor do planeta, trazendo conforto em primeiro lugar. A tend\u00eancia nas passarelas e no asfalto Durante o desfile de outono\/inverno da Fendi em Mil\u00e3o, a sobreposi\u00e7\u00e3o apareceu de forma s\u00f3bria, combinada com alfaiataria [&hellip;]<\/p>\n","protected":false},"author":0,"featured_media":35784,"comment_status":"open","ping_status":"open","sticky":false,"template":"","format":"standard","meta":{"footnotes":""},"categories":[6],"tags":[],"class_list":["post-35776","post","type-post","status-publish","format-standard","has-post-thumbnail","hentry","category-mercosul"],"_links":{"self":[{"href":"https:\/\/acontecenafronteira.com.br\/index.php\/wp-json\/wp\/v2\/posts\/35776","targetHints":{"allow":["GET"]}}],"collection":[{"href":"https:\/\/acontecenafronteira.com.br\/index.php\/wp-json\/wp\/v2\/posts"}],"about":[{"href":"https:\/\/acontecenafronteira.com.br\/index.php\/wp-json\/wp\/v2\/types\/post"}],"replies":[{"embeddable":true,"href":"https:\/\/acontecenafronteira.com.br\/index.php\/wp-json\/wp\/v2\/comments?post=35776"}],"version-history":[{"count":1,"href":"https:\/\/acontecenafronteira.com.br\/index.php\/wp-json\/wp\/v2\/posts\/35776\/revisions"}],"predecessor-version":[{"id":35783,"href":"https:\/\/acontecenafronteira.com.br\/index.php\/wp-json\/wp\/v2\/posts\/35776\/revisions\/35783"}],"wp:featuredmedia":[{"embeddable":true,"href":"https:\/\/acontecenafronteira.com.br\/index.php\/wp-json\/wp\/v2\/media\/35784"}],"wp:attachment":[{"href":"https:\/\/acontecenafronteira.com.br\/index.php\/wp-json\/wp\/v2\/media?parent=35776"}],"wp:term":[{"taxonomy":"category","embeddable":true,"href":"https:\/\/acontecenafronteira.com.br\/index.php\/wp-json\/wp\/v2\/categories?post=35776"},{"taxonomy":"post_tag","embeddable":true,"href":"https:\/\/acontecenafronteira.com.br\/index.php\/wp-json\/wp\/v2\/tags?post=35776"}],"curies":[{"name":"wp","href":"https:\/\/api.w.org\/{rel}","templated":true}]}}