{"id":35775,"date":"2026-09-05T03:36:36","date_gmt":"2026-09-05T06:36:36","guid":{"rendered":"https:\/\/acontecenafronteira.com.br\/?p=35775"},"modified":"2026-09-05T03:36:36","modified_gmt":"2026-09-05T06:36:36","slug":"foz-do-iguacu-debate-melhorias-em-pracas-e-areas-de-lazer","status":"publish","type":"post","link":"https:\/\/acontecenafronteira.com.br\/index.php\/2026\/09\/05\/foz-do-iguacu-debate-melhorias-em-pracas-e-areas-de-lazer\/","title":{"rendered":"Foz do Igua\u00e7u debate melhorias em pra\u00e7as e \u00e1reas de lazer"},"content":{"rendered":"<p>Moradores de Foz do Igua\u00e7u t\u00eam cobrado com mais frequ\u00eancia a revitaliza\u00e7\u00e3o e a manuten\u00e7\u00e3o adequada das pra\u00e7as p\u00fablicas espalhadas pelos bairros do munic\u00edpio. Quest\u00f5es ligadas \u00e0 infraestrutura urbana, atrasos em cronogramas de reformas e a conserva\u00e7\u00e3o de \u00e1reas de conviv\u00eancia colocam em pauta a efici\u00eancia na gest\u00e3o dos espa\u00e7os coletivos da cidade paranaense.<\/p>\n<h2>O desafio da manuten\u00e7\u00e3o urbana<\/h2>\n<p>O debate sobre a conserva\u00e7\u00e3o envolve tanto a destina\u00e7\u00e3o de recursos financeiros quanto a agilidade na execu\u00e7\u00e3o dos projetos. Espa\u00e7os p\u00fablicos bem cuidados incentivam a comunidade a frequentar os locais e a colaborar com a preserva\u00e7\u00e3o do patrim\u00f4nio coletivo, enquanto locais deteriorados geram reclama\u00e7\u00f5es sobre seguran\u00e7a e zeladoria.<\/p>\n<h2>Projetos e expectativas da comunidade<\/h2>\n<p>As demandas da popula\u00e7\u00e3o local frequentemente apontam para a necessidade de melhorias em parquinhos infantis, academias ao ar livre, ilumina\u00e7\u00e3o adequada e paisagismo. A cobran\u00e7a por celeridade nas ordens de servi\u00e7o e o acompanhamento constante por parte dos \u00f3rg\u00e3os municipais s\u00e3o vistos como essenciais para garantir que os investimentos p\u00fablicos tragam resultados duradouros para os moradores de Foz do Igua\u00e7u.<\/p>\n<p>Por Reda\u00e7\u00e3o Acontece<\/p>\n<p>Cr\u00e9ditos da imagem: Divulga\u00e7\u00e3o<\/p>\n","protected":false},"excerpt":{"rendered":"<p>Moradores de Foz do Igua\u00e7u t\u00eam cobrado com mais frequ\u00eancia a revitaliza\u00e7\u00e3o e a manuten\u00e7\u00e3o adequada das pra\u00e7as p\u00fablicas espalhadas pelos bairros do munic\u00edpio. Quest\u00f5es ligadas \u00e0 infraestrutura urbana, atrasos em cronogramas de reformas e a conserva\u00e7\u00e3o de \u00e1reas de conviv\u00eancia colocam em pauta a efici\u00eancia na gest\u00e3o dos espa\u00e7os coletivos da cidade paranaense. O [&hellip;]<\/p>\n","protected":false},"author":0,"featured_media":35782,"comment_status":"open","ping_status":"open","sticky":false,"template":"","format":"standard","meta":{"footnotes":""},"categories":[6],"tags":[],"class_list":["post-35775","post","type-post","status-publish","format-standard","has-post-thumbnail","hentry","category-mercosul"],"_links":{"self":[{"href":"https:\/\/acontecenafronteira.com.br\/index.php\/wp-json\/wp\/v2\/posts\/35775","targetHints":{"allow":["GET"]}}],"collection":[{"href":"https:\/\/acontecenafronteira.com.br\/index.php\/wp-json\/wp\/v2\/posts"}],"about":[{"href":"https:\/\/acontecenafronteira.com.br\/index.php\/wp-json\/wp\/v2\/types\/post"}],"replies":[{"embeddable":true,"href":"https:\/\/acontecenafronteira.com.br\/index.php\/wp-json\/wp\/v2\/comments?post=35775"}],"version-history":[{"count":1,"href":"https:\/\/acontecenafronteira.com.br\/index.php\/wp-json\/wp\/v2\/posts\/35775\/revisions"}],"predecessor-version":[{"id":35781,"href":"https:\/\/acontecenafronteira.com.br\/index.php\/wp-json\/wp\/v2\/posts\/35775\/revisions\/35781"}],"wp:featuredmedia":[{"embeddable":true,"href":"https:\/\/acontecenafronteira.com.br\/index.php\/wp-json\/wp\/v2\/media\/35782"}],"wp:attachment":[{"href":"https:\/\/acontecenafronteira.com.br\/index.php\/wp-json\/wp\/v2\/media?parent=35775"}],"wp:term":[{"taxonomy":"category","embeddable":true,"href":"https:\/\/acontecenafronteira.com.br\/index.php\/wp-json\/wp\/v2\/categories?post=35775"},{"taxonomy":"post_tag","embeddable":true,"href":"https:\/\/acontecenafronteira.com.br\/index.php\/wp-json\/wp\/v2\/tags?post=35775"}],"curies":[{"name":"wp","href":"https:\/\/api.w.org\/{rel}","templated":true}]}}