{"id":35774,"date":"2026-09-05T03:36:32","date_gmt":"2026-09-05T06:36:32","guid":{"rendered":"https:\/\/acontecenafronteira.com.br\/?p=35774"},"modified":"2026-09-05T03:36:32","modified_gmt":"2026-09-05T06:36:32","slug":"foz-do-iguacu-reforca-seguranca-apos-investigacoes-policiais-no-pr","status":"publish","type":"post","link":"https:\/\/acontecenafronteira.com.br\/index.php\/2026\/09\/05\/foz-do-iguacu-reforca-seguranca-apos-investigacoes-policiais-no-pr\/","title":{"rendered":"Foz do Igua\u00e7u refor\u00e7a seguran\u00e7a ap\u00f3s investiga\u00e7\u00f5es policiais no PR"},"content":{"rendered":"<p>As autoridades de seguran\u00e7a p\u00fablica no estado do Paran\u00e1 intensificaram o monitoramento em diversas regi\u00f5es estrat\u00e9gicas, com aten\u00e7\u00e3o especial voltada para o munic\u00edpio de Foz do Igua\u00e7u. A movimenta\u00e7\u00e3o faz parte de novas diretrizes estaduais para coibir pr\u00e1ticas il\u00edcitas e garantir a ordem na faixa de fronteira.<\/p>\n<h2>A\u00e7\u00f5es integradas na fronteira<\/h2>\n<p>As opera\u00e7\u00f5es contam com o apoio de diferentes for\u00e7as policiais do Paran\u00e1, visando desarticular redes de criminalidade organizada que atuam na regi\u00e3o oeste. O trabalho conjunto entre pol\u00edcias civil e militar tem gerado resultados expressivos na apreens\u00e3o de materiais il\u00edcitos.<\/p>\n<h2>Impacto na seguran\u00e7a local<\/h2>\n<p>Com o refor\u00e7o no policiamento, moradores e comerciantes de Foz do Igua\u00e7u relatam maior presen\u00e7a de viaturas nas ruas e rodovias que d\u00e3o acesso ao munic\u00edpio. A medida busca trazer mais tranquilidade para a popula\u00e7\u00e3o paranaense e coibir crimes transfronteiri\u00e7os.<\/p>\n<p>As investiga\u00e7\u00f5es continuam em andamento, e novos dados devem ser divulgados pelas secretarias competentes do estado conforme os desdobramentos das opera\u00e7\u00f5es em curso.<\/p>\n<p>Por Reda\u00e7\u00e3o Acontece<\/p>\n<p>Imagem ilustrativa de opera\u00e7\u00e3o policial no Paran\u00e1 (Reprodu\u00e7\u00e3o\/Pixabay)<\/p>\n","protected":false},"excerpt":{"rendered":"<p>As autoridades de seguran\u00e7a p\u00fablica no estado do Paran\u00e1 intensificaram o monitoramento em diversas regi\u00f5es estrat\u00e9gicas, com aten\u00e7\u00e3o especial voltada para o munic\u00edpio de Foz do Igua\u00e7u. A movimenta\u00e7\u00e3o faz parte de novas diretrizes estaduais para coibir pr\u00e1ticas il\u00edcitas e garantir a ordem na faixa de fronteira. A\u00e7\u00f5es integradas na fronteira As opera\u00e7\u00f5es contam com [&hellip;]<\/p>\n","protected":false},"author":0,"featured_media":35780,"comment_status":"open","ping_status":"open","sticky":false,"template":"","format":"standard","meta":{"footnotes":""},"categories":[6],"tags":[],"class_list":["post-35774","post","type-post","status-publish","format-standard","has-post-thumbnail","hentry","category-mercosul"],"_links":{"self":[{"href":"https:\/\/acontecenafronteira.com.br\/index.php\/wp-json\/wp\/v2\/posts\/35774","targetHints":{"allow":["GET"]}}],"collection":[{"href":"https:\/\/acontecenafronteira.com.br\/index.php\/wp-json\/wp\/v2\/posts"}],"about":[{"href":"https:\/\/acontecenafronteira.com.br\/index.php\/wp-json\/wp\/v2\/types\/post"}],"replies":[{"embeddable":true,"href":"https:\/\/acontecenafronteira.com.br\/index.php\/wp-json\/wp\/v2\/comments?post=35774"}],"version-history":[{"count":1,"href":"https:\/\/acontecenafronteira.com.br\/index.php\/wp-json\/wp\/v2\/posts\/35774\/revisions"}],"predecessor-version":[{"id":35779,"href":"https:\/\/acontecenafronteira.com.br\/index.php\/wp-json\/wp\/v2\/posts\/35774\/revisions\/35779"}],"wp:featuredmedia":[{"embeddable":true,"href":"https:\/\/acontecenafronteira.com.br\/index.php\/wp-json\/wp\/v2\/media\/35780"}],"wp:attachment":[{"href":"https:\/\/acontecenafronteira.com.br\/index.php\/wp-json\/wp\/v2\/media?parent=35774"}],"wp:term":[{"taxonomy":"category","embeddable":true,"href":"https:\/\/acontecenafronteira.com.br\/index.php\/wp-json\/wp\/v2\/categories?post=35774"},{"taxonomy":"post_tag","embeddable":true,"href":"https:\/\/acontecenafronteira.com.br\/index.php\/wp-json\/wp\/v2\/tags?post=35774"}],"curies":[{"name":"wp","href":"https:\/\/api.w.org\/{rel}","templated":true}]}}