{"id":35762,"date":"2026-09-05T03:36:22","date_gmt":"2026-09-05T06:36:22","guid":{"rendered":"https:\/\/acontecenafronteira.com.br\/?p=35762"},"modified":"2026-09-05T03:36:22","modified_gmt":"2026-09-05T06:36:22","slug":"atleta-trans-brilha-no-basquete-frances-e-gera-debate-global","status":"publish","type":"post","link":"https:\/\/acontecenafronteira.com.br\/index.php\/2026\/09\/05\/atleta-trans-brilha-no-basquete-frances-e-gera-debate-global\/","title":{"rendered":"Atleta trans brilha no basquete franc\u00eas e gera debate global"},"content":{"rendered":"<p>A trajet\u00f3ria da jogadora Julie T\u00e9tart tem chamado aten\u00e7\u00e3o no cen\u00e1rio esportivo internacional ao se destacar nas quadras francesas e, ao mesmo tempo, alimentar intensas discuss\u00f5es sobre a inclus\u00e3o de atletas transg\u00eanero no basquete feminino.<\/p>\n<p>Desafios pessoais e transi\u00e7\u00e3o de g\u00eanero Natural de Saint-Quentin, T\u00e9tart passou mais de duas d\u00e9cadas atuando em ligas masculinas, principalmente no ESC Tergnier. No entanto, o per\u00edodo foi marcado por sofrimento \u00edntimo at\u00e9 outubro de 2021, quando, aos 29 anos, assumiu publicamente sua identidade transg\u00eanero. Ap\u00f3s o an\u00fancio, afastou-se das quadras por tr\u00eas anos dif\u00edceis. Entre 2022 e 2024, passou por terapia hormonal e seis procedimentos cir\u00fargicos, incluindo uma cirurgia delicada nas cordas vocais, antes de retornar ao esporte para defender o Monaco.<\/p>\n<p>Pol\u00eamicas e preconceito nas quadras O retorno ao basquete veio acompanhado de grande destaque t\u00e9cnico, mas tamb\u00e9m de forte hostilidade. Atualmente com 34 anos, a piv\u00f4 lidera estat\u00edsticas importantes na Liga Feminina 2, com m\u00e9dias expressivas de 21,9 pontos e 19,7 rebotes por partida. Apesar do desempenho hist\u00f3rico, que incluiu recordes e pr\u00eamios defensivos, T\u00e9tart enfrenta ofensas di\u00e1rias de torcedores e at\u00e9 mesmo o sil\u00eancio de \u00e1rbitros diante de epis\u00f3dios de transfobia, conforme denunciado por colegas de equipe.<\/p>\n<p>Opini\u00f5es divididas no esporte profissional Enquanto o talento da atleta desperta interesse de olheiros de elite e gera especula\u00e7\u00f5es sobre uma poss\u00edvel ida para a WNBA, o debate sobre justi\u00e7a competitiva divide atletas e especialistas. Cr\u00edticos apontam vantagens f\u00edsicas decorrentes da puberdade masculina e alertam para o impacto nas oportunidades de atletas cisg\u00eanero, enquanto defensores ressaltam o direito \u00e0 inclus\u00e3o e o rigor enfrentado pela atleta para competir em alto n\u00edvel.<\/p>\n<p>Por Reda\u00e7\u00e3o Acontece<\/p>\n<p>Divulga\u00e7\u00e3o\/Monaco Basket<\/p>\n","protected":false},"excerpt":{"rendered":"<p>A trajet\u00f3ria da jogadora Julie T\u00e9tart tem chamado aten\u00e7\u00e3o no cen\u00e1rio esportivo internacional ao se destacar nas quadras francesas e, ao mesmo tempo, alimentar intensas discuss\u00f5es sobre a inclus\u00e3o de atletas transg\u00eanero no basquete feminino. Desafios pessoais e transi\u00e7\u00e3o de g\u00eanero Natural de Saint-Quentin, T\u00e9tart passou mais de duas d\u00e9cadas atuando em ligas masculinas, principalmente [&hellip;]<\/p>\n","protected":false},"author":0,"featured_media":35771,"comment_status":"open","ping_status":"open","sticky":false,"template":"","format":"standard","meta":{"footnotes":""},"categories":[28],"tags":[],"class_list":["post-35762","post","type-post","status-publish","format-standard","has-post-thumbnail","hentry","category-mundo"],"_links":{"self":[{"href":"https:\/\/acontecenafronteira.com.br\/index.php\/wp-json\/wp\/v2\/posts\/35762","targetHints":{"allow":["GET"]}}],"collection":[{"href":"https:\/\/acontecenafronteira.com.br\/index.php\/wp-json\/wp\/v2\/posts"}],"about":[{"href":"https:\/\/acontecenafronteira.com.br\/index.php\/wp-json\/wp\/v2\/types\/post"}],"replies":[{"embeddable":true,"href":"https:\/\/acontecenafronteira.com.br\/index.php\/wp-json\/wp\/v2\/comments?post=35762"}],"version-history":[{"count":1,"href":"https:\/\/acontecenafronteira.com.br\/index.php\/wp-json\/wp\/v2\/posts\/35762\/revisions"}],"predecessor-version":[{"id":35770,"href":"https:\/\/acontecenafronteira.com.br\/index.php\/wp-json\/wp\/v2\/posts\/35762\/revisions\/35770"}],"wp:featuredmedia":[{"embeddable":true,"href":"https:\/\/acontecenafronteira.com.br\/index.php\/wp-json\/wp\/v2\/media\/35771"}],"wp:attachment":[{"href":"https:\/\/acontecenafronteira.com.br\/index.php\/wp-json\/wp\/v2\/media?parent=35762"}],"wp:term":[{"taxonomy":"category","embeddable":true,"href":"https:\/\/acontecenafronteira.com.br\/index.php\/wp-json\/wp\/v2\/categories?post=35762"},{"taxonomy":"post_tag","embeddable":true,"href":"https:\/\/acontecenafronteira.com.br\/index.php\/wp-json\/wp\/v2\/tags?post=35762"}],"curies":[{"name":"wp","href":"https:\/\/api.w.org\/{rel}","templated":true}]}}