{"id":35760,"date":"2026-09-05T03:36:11","date_gmt":"2026-09-05T06:36:11","guid":{"rendered":"https:\/\/acontecenafronteira.com.br\/?p=35760"},"modified":"2026-09-05T03:36:11","modified_gmt":"2026-09-05T06:36:11","slug":"classico-carioca-agita-o-brasileirao-hoje-no-maracana","status":"publish","type":"post","link":"https:\/\/acontecenafronteira.com.br\/index.php\/2026\/09\/05\/classico-carioca-agita-o-brasileirao-hoje-no-maracana\/","title":{"rendered":"Cl\u00e1ssico carioca agita o Brasileir\u00e3o hoje no Maracan\u00e3"},"content":{"rendered":"<p>Apenas um m\u00eas ap\u00f3s o duelo eliminat\u00f3rio pela Copa do Brasil, Fluminense e Vasco voltam a se enfrentar na noite de hoje, \u00e0s 21h, no est\u00e1dio do Maracan\u00e3, em partida v\u00e1lida pelo Campeonato Brasileiro. Ambas as equipes chegam para o confronto em momento de ascens\u00e3o e com significativas altera\u00e7\u00f5es em suas estruturas t\u00e1ticas e elencos desde o \u00faltimo encontro.<\/p>\n<h2>Mudan\u00e7as no comando e no time do Fluminense<\/h2>\n<p>\nA queda para o rival vasca\u00edno no torneio eliminat\u00f3rio marcou uma virada de chave para o lado tricolor, culminando na sa\u00edda do t\u00e9cnico Luis Zubeld\u00eda. Sob a gest\u00e3o interina e efetivada de Marc\u00e3o, a equipe da Laranjeiras acumula invencibilidade com duas vit\u00f3rias e dois empates, restabelecendo a harmonia interna.<\/p>\n<p>Apesar da grave les\u00e3o no joelho do atacante John Kennedy \u2014 artilheiro da temporada com 14 gols, ocorrida justamente no \u00faltimo cl\u00e1ssico \u2014, o experiente Hulk recuperou o condicionamento f\u00edsico ideal e balan\u00e7ou as redes tr\u00eas vezes nos \u00faltimos quatro compromissos.<\/p>\n<h2>Varia\u00e7\u00f5es t\u00e1ticas e novos protagonistas<\/h2>\n<p>\nO per\u00edodo tamb\u00e9m foi de ajustes na forma\u00e7\u00e3o titular tricolor. Jogadores como Lucho Acosta e Savarino perderam espa\u00e7o, influenciados por quest\u00f5es de rendimento e por investiga\u00e7\u00f5es esportivas recentes. Por outro lado, o meia Ganso reassumiu a titularidade e injetou criatividade no setor de cria\u00e7\u00e3o da equipe.<\/p>\n<h2>O panorama do Vasco para o cl\u00e1ssico<\/h2>\n<p>\nDo outro lado, o Cruz-Maltino tamb\u00e9m precisou se reinventar. O her\u00f3i da classifica\u00e7\u00e3o na Copa do Brasil, o centroavante Brenner, sofreu uma les\u00e3o ligamentar e desfalca o time. A comiss\u00e3o t\u00e9cnica busca alternativas para a posi\u00e7\u00e3o, com expectativas depositadas no rec\u00e9m-contratado Bruno Duarte, ex-Estrela Vermelha, que pode estrear.<\/p>\n<p>Outras aus\u00eancias sentidas pelo lado vasca\u00edno s\u00e3o o lateral Cuiabano e o volante Jair, ambos sob cuidados m\u00e9dicos. Para suprir a car\u00eancia no meio-campo, o argentino Sosa ganhou espa\u00e7o e tem contribu\u00eddo para a solidez defensiva da equipe comandada por Pedro Emanuel.<\/p>\n<p>O cl\u00e1ssico carioca promete intensa movimenta\u00e7\u00e3o na tabela do Campeonato Brasileiro, colocando \u00e0 prova as novas estrat\u00e9gias adotadas pelos dois clubes no \u00faltimo m\u00eas.<\/p>\n<p>Por Reda\u00e7\u00e3o Acontece<\/p>\n<p>Foto: Marcelo Gon\u00e7alves \/ Fluminense F.C. \/ Divulga\u00e7\u00e3o \/ Vasco<\/p>\n","protected":false},"excerpt":{"rendered":"<p>Apenas um m\u00eas ap\u00f3s o duelo eliminat\u00f3rio pela Copa do Brasil, Fluminense e Vasco voltam a se enfrentar na noite de hoje, \u00e0s 21h, no est\u00e1dio do Maracan\u00e3, em partida v\u00e1lida pelo Campeonato Brasileiro. Ambas as equipes chegam para o confronto em momento de ascens\u00e3o e com significativas altera\u00e7\u00f5es em suas estruturas t\u00e1ticas e elencos [&hellip;]<\/p>\n","protected":false},"author":0,"featured_media":35767,"comment_status":"open","ping_status":"open","sticky":false,"template":"","format":"standard","meta":{"footnotes":""},"categories":[28],"tags":[],"class_list":["post-35760","post","type-post","status-publish","format-standard","has-post-thumbnail","hentry","category-mundo"],"_links":{"self":[{"href":"https:\/\/acontecenafronteira.com.br\/index.php\/wp-json\/wp\/v2\/posts\/35760","targetHints":{"allow":["GET"]}}],"collection":[{"href":"https:\/\/acontecenafronteira.com.br\/index.php\/wp-json\/wp\/v2\/posts"}],"about":[{"href":"https:\/\/acontecenafronteira.com.br\/index.php\/wp-json\/wp\/v2\/types\/post"}],"replies":[{"embeddable":true,"href":"https:\/\/acontecenafronteira.com.br\/index.php\/wp-json\/wp\/v2\/comments?post=35760"}],"version-history":[{"count":1,"href":"https:\/\/acontecenafronteira.com.br\/index.php\/wp-json\/wp\/v2\/posts\/35760\/revisions"}],"predecessor-version":[{"id":35766,"href":"https:\/\/acontecenafronteira.com.br\/index.php\/wp-json\/wp\/v2\/posts\/35760\/revisions\/35766"}],"wp:featuredmedia":[{"embeddable":true,"href":"https:\/\/acontecenafronteira.com.br\/index.php\/wp-json\/wp\/v2\/media\/35767"}],"wp:attachment":[{"href":"https:\/\/acontecenafronteira.com.br\/index.php\/wp-json\/wp\/v2\/media?parent=35760"}],"wp:term":[{"taxonomy":"category","embeddable":true,"href":"https:\/\/acontecenafronteira.com.br\/index.php\/wp-json\/wp\/v2\/categories?post=35760"},{"taxonomy":"post_tag","embeddable":true,"href":"https:\/\/acontecenafronteira.com.br\/index.php\/wp-json\/wp\/v2\/tags?post=35760"}],"curies":[{"name":"wp","href":"https:\/\/api.w.org\/{rel}","templated":true}]}}