{"id":35759,"date":"2026-09-05T03:36:00","date_gmt":"2026-09-05T06:36:00","guid":{"rendered":"https:\/\/acontecenafronteira.com.br\/?p=35759"},"modified":"2026-09-05T03:36:00","modified_gmt":"2026-09-05T06:36:00","slug":"ex-governador-dos-eua-e-preso-em-set-de-filmagem-por-pensao","status":"publish","type":"post","link":"https:\/\/acontecenafronteira.com.br\/index.php\/2026\/09\/05\/ex-governador-dos-eua-e-preso-em-set-de-filmagem-por-pensao\/","title":{"rendered":"Ex-governador dos EUA \u00e9 preso em set de filmagem por pens\u00e3o"},"content":{"rendered":"<p>O ex-governador do Kentucky Matthew Bevin foi detido em um set de filmagens na \u00faltima quinta-feira (3). A pris\u00e3o ocorreu ap\u00f3s o pol\u00edtico ignorar ordens judiciais relacionadas ao pagamento de pens\u00e3o aliment\u00edcia ao seu filho Jonah Bevin, de 19 anos.<\/p>\n<h2>Pris\u00e3o durante grava\u00e7\u00e3o de filme<\/h2>\n<p>\nA deten\u00e7\u00e3o do republicano de 59 anos, que comandou o estado americano entre 2015 e 2019, aconteceu enquanto ele trabalhava como figurante no longa-metragem natalino &#8220;The Greatest Christmas Gift&#8221;. O Departamento do Xerife do Condado de Bourbon recebeu uma den\u00fancia an\u00f4nima e os policiais efetuaram a pris\u00e3o sem resist\u00eancia no local de grava\u00e7\u00e3o.<\/p>\n<h2>Disputa judicial e oculta\u00e7\u00e3o de bens<\/h2>\n<p>\nA ju\u00edza Angela J. Johnson, da Corte de Fam\u00edlia do Condado de Jefferson, havia exigido que Bevin entregasse declara\u00e7\u00f5es detalhadas sobre sua renda e seu patrim\u00f4nio. No entanto, o pol\u00edtico enviou documentos com informa\u00e7\u00f5es essenciais rasuradas e recusou-se a fornecer uma listagem completa dos bens, descumprindo determina\u00e7\u00f5es que se arrastam desde 2023, quando ocorreu o div\u00f3rcio dele com Glenna Bevin.<\/p>\n<h2>Hist\u00f3rico de desacato e nega\u00e7\u00e3o de fian\u00e7a<\/h2>\n<p>\nEsta n\u00e3o foi a primeira vez que o ex-governador enfrentou problemas com a Justi\u00e7a pelo mesmo motivo. No in\u00edcio de 2025 e novamente em junho, Bevin j\u00e1 havia recebido ordens de pris\u00e3o e multas por desacato e recusa em cooperar com o tribunal.<\/p>\n<p>Durante audi\u00eancia realizada na sexta-feira (4), a magistrada recusou a concess\u00e3o de fian\u00e7a, afirmando que n\u00e3o tolerar\u00e1 desrespeito \u00e0 integridade da corte. A soltura de Matthew Bevin s\u00f3 ser\u00e1 reavaliada ap\u00f3s 30 dias de reclus\u00e3o, caso ele mude de postura e apresente a documenta\u00e7\u00e3o exigida.<\/p>\n<p>Por Reda\u00e7\u00e3o Acontece<\/p>\n<p>Foto: Reprodu\u00e7\u00e3o \/ Redes sociais<\/p>\n","protected":false},"excerpt":{"rendered":"<p>O ex-governador do Kentucky Matthew Bevin foi detido em um set de filmagens na \u00faltima quinta-feira (3). A pris\u00e3o ocorreu ap\u00f3s o pol\u00edtico ignorar ordens judiciais relacionadas ao pagamento de pens\u00e3o aliment\u00edcia ao seu filho Jonah Bevin, de 19 anos. Pris\u00e3o durante grava\u00e7\u00e3o de filme A deten\u00e7\u00e3o do republicano de 59 anos, que comandou o [&hellip;]<\/p>\n","protected":false},"author":0,"featured_media":35765,"comment_status":"open","ping_status":"open","sticky":false,"template":"","format":"standard","meta":{"footnotes":""},"categories":[28],"tags":[],"class_list":["post-35759","post","type-post","status-publish","format-standard","has-post-thumbnail","hentry","category-mundo"],"_links":{"self":[{"href":"https:\/\/acontecenafronteira.com.br\/index.php\/wp-json\/wp\/v2\/posts\/35759","targetHints":{"allow":["GET"]}}],"collection":[{"href":"https:\/\/acontecenafronteira.com.br\/index.php\/wp-json\/wp\/v2\/posts"}],"about":[{"href":"https:\/\/acontecenafronteira.com.br\/index.php\/wp-json\/wp\/v2\/types\/post"}],"replies":[{"embeddable":true,"href":"https:\/\/acontecenafronteira.com.br\/index.php\/wp-json\/wp\/v2\/comments?post=35759"}],"version-history":[{"count":1,"href":"https:\/\/acontecenafronteira.com.br\/index.php\/wp-json\/wp\/v2\/posts\/35759\/revisions"}],"predecessor-version":[{"id":35764,"href":"https:\/\/acontecenafronteira.com.br\/index.php\/wp-json\/wp\/v2\/posts\/35759\/revisions\/35764"}],"wp:featuredmedia":[{"embeddable":true,"href":"https:\/\/acontecenafronteira.com.br\/index.php\/wp-json\/wp\/v2\/media\/35765"}],"wp:attachment":[{"href":"https:\/\/acontecenafronteira.com.br\/index.php\/wp-json\/wp\/v2\/media?parent=35759"}],"wp:term":[{"taxonomy":"category","embeddable":true,"href":"https:\/\/acontecenafronteira.com.br\/index.php\/wp-json\/wp\/v2\/categories?post=35759"},{"taxonomy":"post_tag","embeddable":true,"href":"https:\/\/acontecenafronteira.com.br\/index.php\/wp-json\/wp\/v2\/tags?post=35759"}],"curies":[{"name":"wp","href":"https:\/\/api.w.org\/{rel}","templated":true}]}}