{"id":35748,"date":"2026-09-05T02:37:15","date_gmt":"2026-09-05T05:37:15","guid":{"rendered":"https:\/\/acontecenafronteira.com.br\/?p=35748"},"modified":"2026-09-05T02:37:15","modified_gmt":"2026-09-05T05:37:15","slug":"planos-de-seguranca-no-parana-propostas-para-as-policias","status":"publish","type":"post","link":"https:\/\/acontecenafronteira.com.br\/index.php\/2026\/09\/05\/planos-de-seguranca-no-parana-propostas-para-as-policias\/","title":{"rendered":"Planos de seguran\u00e7a no Paran\u00e1: propostas para as pol\u00edcias"},"content":{"rendered":"<p>A seguran\u00e7a p\u00fablica figura entre as principais demandas da popula\u00e7\u00e3o paranaense, motivando debates sobre o fortalecimento das for\u00e7as policiais e o uso de novas tecnologias no combate \u00e0 criminalidade em todo o estado.<\/p>\n<h2>Propostas de infraestrutura e policiamento<\/h2>\n<p>\nOs planos de governo apresentados para o estado destacam a necessidade de ampliar a presen\u00e7a policial nas ruas, modernizar a frota de viaturas e reformar unidades operacionais em diferentes regi\u00f5es paranaenses. A integra\u00e7\u00e3o entre intelig\u00eancia policial e patrulhamento ostensivo \u00e9 apontada como prioridade para reduzir os \u00edndices de criminalidade urbana e rural.<\/p>\n<h2>Tecnologia e inova\u00e7\u00e3o na seguran\u00e7a<\/h2>\n<p>\nO uso de ferramentas tecnol\u00f3gicas avan\u00e7adas, como sistemas de reconhecimento facial, monitoramento por c\u00e2meras e an\u00e1lise preditiva de dados, ganha espa\u00e7o nos debates sobre o futuro da seguran\u00e7a p\u00fablica no Paran\u00e1. A meta \u00e9 otimizar o tempo de resposta das equipes e prevenir delitos em \u00e1reas comerciais e de grande circula\u00e7\u00e3o.<\/p>\n<h2>Preven\u00e7\u00e3o e policiamento comunit\u00e1rio<\/h2>\n<p>\nAl\u00e9m do investimento em equipamentos, as diretrizes enfatizam a expans\u00e3o de programas voltados \u00e0 prote\u00e7\u00e3o escolar, ao apoio a v\u00edtimas de viol\u00eancia e ao fortalecimento do policiamento comunit\u00e1rio, aproximando as for\u00e7as de seguran\u00e7a dos moradores locais.<\/p>\n<p>As discuss\u00f5es sobre o futuro da corpora\u00e7\u00e3o refletem os diferentes caminhos apontados para garantir mais tranquilidade e prote\u00e7\u00e3o aos cidad\u00e3os paranaenses nos pr\u00f3ximos anos.<\/p>\n<p>Por Reda\u00e7\u00e3o Acontece<\/p>\n<p>Imagem: Divulga\u00e7\u00e3o\/Seguran\u00e7a P\u00fablica<\/p>\n","protected":false},"excerpt":{"rendered":"<p>A seguran\u00e7a p\u00fablica figura entre as principais demandas da popula\u00e7\u00e3o paranaense, motivando debates sobre o fortalecimento das for\u00e7as policiais e o uso de novas tecnologias no combate \u00e0 criminalidade em todo o estado. Propostas de infraestrutura e policiamento Os planos de governo apresentados para o estado destacam a necessidade de ampliar a presen\u00e7a policial nas [&hellip;]<\/p>\n","protected":false},"author":0,"featured_media":35758,"comment_status":"open","ping_status":"open","sticky":false,"template":"","format":"standard","meta":{"footnotes":""},"categories":[6],"tags":[],"class_list":["post-35748","post","type-post","status-publish","format-standard","has-post-thumbnail","hentry","category-mercosul"],"_links":{"self":[{"href":"https:\/\/acontecenafronteira.com.br\/index.php\/wp-json\/wp\/v2\/posts\/35748","targetHints":{"allow":["GET"]}}],"collection":[{"href":"https:\/\/acontecenafronteira.com.br\/index.php\/wp-json\/wp\/v2\/posts"}],"about":[{"href":"https:\/\/acontecenafronteira.com.br\/index.php\/wp-json\/wp\/v2\/types\/post"}],"replies":[{"embeddable":true,"href":"https:\/\/acontecenafronteira.com.br\/index.php\/wp-json\/wp\/v2\/comments?post=35748"}],"version-history":[{"count":1,"href":"https:\/\/acontecenafronteira.com.br\/index.php\/wp-json\/wp\/v2\/posts\/35748\/revisions"}],"predecessor-version":[{"id":35757,"href":"https:\/\/acontecenafronteira.com.br\/index.php\/wp-json\/wp\/v2\/posts\/35748\/revisions\/35757"}],"wp:featuredmedia":[{"embeddable":true,"href":"https:\/\/acontecenafronteira.com.br\/index.php\/wp-json\/wp\/v2\/media\/35758"}],"wp:attachment":[{"href":"https:\/\/acontecenafronteira.com.br\/index.php\/wp-json\/wp\/v2\/media?parent=35748"}],"wp:term":[{"taxonomy":"category","embeddable":true,"href":"https:\/\/acontecenafronteira.com.br\/index.php\/wp-json\/wp\/v2\/categories?post=35748"},{"taxonomy":"post_tag","embeddable":true,"href":"https:\/\/acontecenafronteira.com.br\/index.php\/wp-json\/wp\/v2\/tags?post=35748"}],"curies":[{"name":"wp","href":"https:\/\/api.w.org\/{rel}","templated":true}]}}