{"id":35745,"date":"2026-09-05T02:36:58","date_gmt":"2026-09-05T05:36:58","guid":{"rendered":"https:\/\/acontecenafronteira.com.br\/?p=35745"},"modified":"2026-09-05T02:36:58","modified_gmt":"2026-09-05T05:36:58","slug":"lula-faz-campanha-no-interior-paulista-com-haddad","status":"publish","type":"post","link":"https:\/\/acontecenafronteira.com.br\/index.php\/2026\/09\/05\/lula-faz-campanha-no-interior-paulista-com-haddad\/","title":{"rendered":"Lula faz campanha no interior paulista com Haddad"},"content":{"rendered":"<p>O presidente Luiz In\u00e1cio Lula da Silva realiza neste s\u00e1bado (5\/9) um grande com\u00edcio na cidade de S\u00e3o Jos\u00e9 do Rio Preto, interior paulista, ao lado do vice-presidente Geraldo Alckmin e do candidato ao governo estadual Fernando Haddad.<\/p>\n<h2>Detalhes do ato pol\u00edtico<\/h2>\n<p>O evento pol\u00edtico adota o lema SP Pronto para Mais e tem concentra\u00e7\u00e3o programada para as 10h na Pra\u00e7a Dom Jos\u00e9 Marcondes, localizada na regi\u00e3o central do munic\u00edpio.<\/p>\n<p>A atividade p\u00fablica contar\u00e1 com a presen\u00e7a de importantes aliados pol\u00edticos, incluindo as candidatas ao Senado Marina Silva e Simone Tebet, al\u00e9m de postulantes a cargos legislativos federais e estaduais, apoiadores e lideran\u00e7as partid\u00e1rias da regi\u00e3o.<\/p>\n<h2>Agenda oficial em Barretos<\/h2>\n<p>Antes de participar do ato de campanha com eleitores e apoiadores, o chefe do Executivo federal cumpre compromisso oficial na cidade vizinha de Barretos, a partir das 9h.<\/p>\n<p>Na ocasi\u00e3o, a comitiva presidencial visita o Diret\u00f3rio de Reabilita\u00e7\u00e3o Moderna do Hospital de Amor para inspecionar as novas instala\u00e7\u00f5es da unidade de sa\u00fade. O objetivo da expans\u00e3o \u00e9 duplicar a capacidade de atendimento m\u00e9dico e ampliar a oferta de servi\u00e7os \u00e0 popula\u00e7\u00e3o.<\/p>\n<p>Por Reda\u00e7\u00e3o Acontece<\/p>\n<p>Imagem: Divulga\u00e7\u00e3o\/Campanha<\/p>\n","protected":false},"excerpt":{"rendered":"<p>O presidente Luiz In\u00e1cio Lula da Silva realiza neste s\u00e1bado (5\/9) um grande com\u00edcio na cidade de S\u00e3o Jos\u00e9 do Rio Preto, interior paulista, ao lado do vice-presidente Geraldo Alckmin e do candidato ao governo estadual Fernando Haddad. Detalhes do ato pol\u00edtico O evento pol\u00edtico adota o lema SP Pronto para Mais e tem concentra\u00e7\u00e3o [&hellip;]<\/p>\n","protected":false},"author":0,"featured_media":35752,"comment_status":"open","ping_status":"open","sticky":false,"template":"","format":"standard","meta":{"footnotes":""},"categories":[6],"tags":[],"class_list":["post-35745","post","type-post","status-publish","format-standard","has-post-thumbnail","hentry","category-mercosul"],"_links":{"self":[{"href":"https:\/\/acontecenafronteira.com.br\/index.php\/wp-json\/wp\/v2\/posts\/35745","targetHints":{"allow":["GET"]}}],"collection":[{"href":"https:\/\/acontecenafronteira.com.br\/index.php\/wp-json\/wp\/v2\/posts"}],"about":[{"href":"https:\/\/acontecenafronteira.com.br\/index.php\/wp-json\/wp\/v2\/types\/post"}],"replies":[{"embeddable":true,"href":"https:\/\/acontecenafronteira.com.br\/index.php\/wp-json\/wp\/v2\/comments?post=35745"}],"version-history":[{"count":1,"href":"https:\/\/acontecenafronteira.com.br\/index.php\/wp-json\/wp\/v2\/posts\/35745\/revisions"}],"predecessor-version":[{"id":35751,"href":"https:\/\/acontecenafronteira.com.br\/index.php\/wp-json\/wp\/v2\/posts\/35745\/revisions\/35751"}],"wp:featuredmedia":[{"embeddable":true,"href":"https:\/\/acontecenafronteira.com.br\/index.php\/wp-json\/wp\/v2\/media\/35752"}],"wp:attachment":[{"href":"https:\/\/acontecenafronteira.com.br\/index.php\/wp-json\/wp\/v2\/media?parent=35745"}],"wp:term":[{"taxonomy":"category","embeddable":true,"href":"https:\/\/acontecenafronteira.com.br\/index.php\/wp-json\/wp\/v2\/categories?post=35745"},{"taxonomy":"post_tag","embeddable":true,"href":"https:\/\/acontecenafronteira.com.br\/index.php\/wp-json\/wp\/v2\/tags?post=35745"}],"curies":[{"name":"wp","href":"https:\/\/api.w.org\/{rel}","templated":true}]}}