{"id":35744,"date":"2026-09-05T02:36:54","date_gmt":"2026-09-05T05:36:54","guid":{"rendered":"https:\/\/acontecenafronteira.com.br\/?p=35744"},"modified":"2026-09-05T02:36:54","modified_gmt":"2026-09-05T05:36:54","slug":"alerta-de-saude-em-cuba-apagoes-geram-surto-de-diarreia","status":"publish","type":"post","link":"https:\/\/acontecenafronteira.com.br\/index.php\/2026\/09\/05\/alerta-de-saude-em-cuba-apagoes-geram-surto-de-diarreia\/","title":{"rendered":"Alerta de sa\u00fade em Cuba: apag\u00f5es geram surto de diarreia"},"content":{"rendered":"<p>Moradores e turistas que visitam Cuba enfrentam um cen\u00e1rio alarmante de sa\u00fade p\u00fablica devido \u00e0 prolifera\u00e7\u00e3o de infec\u00e7\u00f5es intestinais na ilha caribenha.<\/p>\n<h2>Crise sanit\u00e1ria e falta de energia<\/h2>\n<p>A representa\u00e7\u00e3o diplom\u00e1tica norte-americana divulgou um comunicado oficial alertando sobre a alta expressiva nas ocorr\u00eancias de mol\u00e9stias estomacais na regi\u00e3o. O colapso nos sistemas b\u00e1sicos de saneamento e eletricidade \u00e9 o principal catalisador dessa situa\u00e7\u00e3o sanit\u00e1ria delicada.<\/p>\n<h2>Pat\u00f3genos identificados<\/h2>\n<p>As autoridades locais e estrangeiras registraram um crescimento expressivo em diagn\u00f3sticos associados a bact\u00e9rias como a Escherichia coli e a Shigella, al\u00e9m de infec\u00e7\u00f5es por norov\u00edrus. A intermit\u00eancia no fornecimento el\u00e9trico compromete diretamente a refrigera\u00e7\u00e3o de mantimentos e a potabilidade da \u00e1gua distribu\u00edda \u00e0 popula\u00e7\u00e3o.<\/p>\n<h2>Origem do colapso energ\u00e9tico<\/h2>\n<p>O territ\u00f3rio cubano sofre com blecautes prolongados que se intensificaram ap\u00f3s a deten\u00e7\u00e3o do mandat\u00e1rio venezuelano Nicol\u00e1s Maduro pelas for\u00e7as dos Estados Unidos. Historicamente dependente do petr\u00f3leo da Venezuela para manter suas termoel\u00e9tricas funcionando, a ilha viu sua capacidade de gera\u00e7\u00e3o de energia despencar, agravando o embargo econ\u00f4mico imposto h\u00e1 d\u00e9cadas por Washington sob a justificativa de seguran\u00e7a nacional.<\/p>\n<h2>Escassez de rem\u00e9dios e orienta\u00e7\u00f5es<\/h2>\n<p>Quem viaja ao destino deve estar ciente de que farm\u00e1cias locais frequentemente carecem de f\u00e1rmacos b\u00e1sicos, a exemplo de analg\u00e9sicos, antit\u00e9rmicos e antibi\u00f3ticos essenciais.<\/p>\n<p>Orienta\u00e7\u00f5es de preven\u00e7\u00e3o: &#8211; Evitar carnes, pescados e latic\u00ednios mal armazenados. &#8211; Dispensar vegetais crus ou higienizados incorretamente. &#8211; Consumir estritamente \u00e1gua engarrafada com lacre inviolado. &#8211; Higienizar as m\u00e3os constantemente com \u00e1gua e sab\u00e3o.<\/p>\n<p>A crise energ\u00e9tica e sanit\u00e1ria continua a desafiar a rotina da ilha, exigindo aten\u00e7\u00e3o redobrada de quem circula pelo territ\u00f3rio.<\/p>\n<p>Por Reda\u00e7\u00e3o Acontece<\/p>\n<p>Cr\u00e9ditos da imagem: Pixabay<\/p>\n","protected":false},"excerpt":{"rendered":"<p>Moradores e turistas que visitam Cuba enfrentam um cen\u00e1rio alarmante de sa\u00fade p\u00fablica devido \u00e0 prolifera\u00e7\u00e3o de infec\u00e7\u00f5es intestinais na ilha caribenha. Crise sanit\u00e1ria e falta de energia A representa\u00e7\u00e3o diplom\u00e1tica norte-americana divulgou um comunicado oficial alertando sobre a alta expressiva nas ocorr\u00eancias de mol\u00e9stias estomacais na regi\u00e3o. O colapso nos sistemas b\u00e1sicos de saneamento [&hellip;]<\/p>\n","protected":false},"author":0,"featured_media":35750,"comment_status":"open","ping_status":"open","sticky":false,"template":"","format":"standard","meta":{"footnotes":""},"categories":[6],"tags":[],"class_list":["post-35744","post","type-post","status-publish","format-standard","has-post-thumbnail","hentry","category-mercosul"],"_links":{"self":[{"href":"https:\/\/acontecenafronteira.com.br\/index.php\/wp-json\/wp\/v2\/posts\/35744","targetHints":{"allow":["GET"]}}],"collection":[{"href":"https:\/\/acontecenafronteira.com.br\/index.php\/wp-json\/wp\/v2\/posts"}],"about":[{"href":"https:\/\/acontecenafronteira.com.br\/index.php\/wp-json\/wp\/v2\/types\/post"}],"replies":[{"embeddable":true,"href":"https:\/\/acontecenafronteira.com.br\/index.php\/wp-json\/wp\/v2\/comments?post=35744"}],"version-history":[{"count":1,"href":"https:\/\/acontecenafronteira.com.br\/index.php\/wp-json\/wp\/v2\/posts\/35744\/revisions"}],"predecessor-version":[{"id":35749,"href":"https:\/\/acontecenafronteira.com.br\/index.php\/wp-json\/wp\/v2\/posts\/35744\/revisions\/35749"}],"wp:featuredmedia":[{"embeddable":true,"href":"https:\/\/acontecenafronteira.com.br\/index.php\/wp-json\/wp\/v2\/media\/35750"}],"wp:attachment":[{"href":"https:\/\/acontecenafronteira.com.br\/index.php\/wp-json\/wp\/v2\/media?parent=35744"}],"wp:term":[{"taxonomy":"category","embeddable":true,"href":"https:\/\/acontecenafronteira.com.br\/index.php\/wp-json\/wp\/v2\/categories?post=35744"},{"taxonomy":"post_tag","embeddable":true,"href":"https:\/\/acontecenafronteira.com.br\/index.php\/wp-json\/wp\/v2\/tags?post=35744"}],"curies":[{"name":"wp","href":"https:\/\/api.w.org\/{rel}","templated":true}]}}