{"id":35733,"date":"2026-09-05T02:36:44","date_gmt":"2026-09-05T05:36:44","guid":{"rendered":"https:\/\/acontecenafronteira.com.br\/?p=35733"},"modified":"2026-09-05T02:36:44","modified_gmt":"2026-09-05T05:36:44","slug":"george-clooney-usa-termo-raro-em-festival-de-cinema","status":"publish","type":"post","link":"https:\/\/acontecenafronteira.com.br\/index.php\/2026\/09\/05\/george-clooney-usa-termo-raro-em-festival-de-cinema\/","title":{"rendered":"George Clooney usa termo raro em festival de cinema"},"content":{"rendered":"<p>O ator norte-americano George Clooney chamou aten\u00e7\u00e3o ao utilizar o termo caquistocracia durante a abertura da 83\u00aa Mostra Internacional de Cinema de Veneza, realizada na \u00faltima quarta-feira, 2 de setembro.<\/p>\n<h2>O significado do termo<\/h2>\n<p>A express\u00e3o \u00e9 utilizada para definir uma na\u00e7\u00e3o que se encontra sob a administra\u00e7\u00e3o dos indiv\u00edduos menos preparados. O artista aplicou o conceito diretamente ao cen\u00e1rio pol\u00edtico atual dos Estados Unidos.<\/p>\n<p>Apesar da cr\u00edtica contundente ao panorama governamental americano, Clooney demonstrou otimismo quanto ao futuro pol\u00edtico do pa\u00eds ao afirmar que a situa\u00e7\u00e3o atual \u00e9 passageira e ser\u00e1 superada.<\/p>\n<p> &#8220;Por Reda\u00e7\u00e3o Acontece&#8221;<\/p>\n<p>Foto: Divulga\u00e7\u00e3o \/ Mostra de Veneza<\/p>\n","protected":false},"excerpt":{"rendered":"<p>O ator norte-americano George Clooney chamou aten\u00e7\u00e3o ao utilizar o termo caquistocracia durante a abertura da 83\u00aa Mostra Internacional de Cinema de Veneza, realizada na \u00faltima quarta-feira, 2 de setembro. O significado do termo A express\u00e3o \u00e9 utilizada para definir uma na\u00e7\u00e3o que se encontra sob a administra\u00e7\u00e3o dos indiv\u00edduos menos preparados. O artista aplicou [&hellip;]<\/p>\n","protected":false},"author":0,"featured_media":35743,"comment_status":"open","ping_status":"open","sticky":false,"template":"","format":"standard","meta":{"footnotes":""},"categories":[28],"tags":[],"class_list":["post-35733","post","type-post","status-publish","format-standard","has-post-thumbnail","hentry","category-mundo"],"_links":{"self":[{"href":"https:\/\/acontecenafronteira.com.br\/index.php\/wp-json\/wp\/v2\/posts\/35733","targetHints":{"allow":["GET"]}}],"collection":[{"href":"https:\/\/acontecenafronteira.com.br\/index.php\/wp-json\/wp\/v2\/posts"}],"about":[{"href":"https:\/\/acontecenafronteira.com.br\/index.php\/wp-json\/wp\/v2\/types\/post"}],"replies":[{"embeddable":true,"href":"https:\/\/acontecenafronteira.com.br\/index.php\/wp-json\/wp\/v2\/comments?post=35733"}],"version-history":[{"count":1,"href":"https:\/\/acontecenafronteira.com.br\/index.php\/wp-json\/wp\/v2\/posts\/35733\/revisions"}],"predecessor-version":[{"id":35742,"href":"https:\/\/acontecenafronteira.com.br\/index.php\/wp-json\/wp\/v2\/posts\/35733\/revisions\/35742"}],"wp:featuredmedia":[{"embeddable":true,"href":"https:\/\/acontecenafronteira.com.br\/index.php\/wp-json\/wp\/v2\/media\/35743"}],"wp:attachment":[{"href":"https:\/\/acontecenafronteira.com.br\/index.php\/wp-json\/wp\/v2\/media?parent=35733"}],"wp:term":[{"taxonomy":"category","embeddable":true,"href":"https:\/\/acontecenafronteira.com.br\/index.php\/wp-json\/wp\/v2\/categories?post=35733"},{"taxonomy":"post_tag","embeddable":true,"href":"https:\/\/acontecenafronteira.com.br\/index.php\/wp-json\/wp\/v2\/tags?post=35733"}],"curies":[{"name":"wp","href":"https:\/\/api.w.org\/{rel}","templated":true}]}}