{"id":35731,"date":"2026-09-05T02:36:24","date_gmt":"2026-09-05T05:36:24","guid":{"rendered":"https:\/\/acontecenafronteira.com.br\/?p=35731"},"modified":"2026-09-05T02:36:24","modified_gmt":"2026-09-05T05:36:24","slug":"show-do-foo-fighters-no-parana-agita-fas-de-rock","status":"publish","type":"post","link":"https:\/\/acontecenafronteira.com.br\/index.php\/2026\/09\/05\/show-do-foo-fighters-no-parana-agita-fas-de-rock\/","title":{"rendered":"Show do Foo Fighters no Paran\u00e1 agita f\u00e3s de rock"},"content":{"rendered":"<p>A primeira noite de um grande festival de m\u00fasica ficou marcada pela grandiosa apresenta\u00e7\u00e3o do Foo Fighters, que utilizou toda a tecnologia de tel\u00f5es de LED para empolgar o p\u00fablico presente.<\/p>\n<h2>A energia de Dave Grohl no palco<\/h2>\n<p>Comandados pelo carism\u00e1tico vocalista Dave Grohl, os m\u00fasicos entraram em ritmo acelerado logo nos primeiros minutos, abrindo a apresenta\u00e7\u00e3o com sucessos consagrados que incendiaram a plateia.<\/p>\n<p>O grupo demonstrou uma sintonia impressionante, destacando a estreia do baterista Ilan Rubin no pa\u00eds e a presen\u00e7a de figuras hist\u00f3ricas como o guitarrista Pat Smear, mantendo a tradi\u00e7\u00e3o dos grandes espet\u00e1culos que tamb\u00e9m atraem f\u00e3s do estado do Paran\u00e1.<\/p>\n<h2>Homenagens e momentos emocionantes<\/h2>\n<p>Durante o repert\u00f3rio, houve espa\u00e7o para instantes de forte emo\u00e7\u00e3o, incluindo uma dedicat\u00f3ria especial ao saudoso baterista Taylor Hawkins, al\u00e9m de passagens ac\u00fasticas que resgataram mem\u00f3rias dos primeiros anos de carreira da forma\u00e7\u00e3o.<\/p>\n<p>A conex\u00e3o com a plateia se manteve intensa do in\u00edcio ao fim, encerrando a noite com cl\u00e1ssicos atemporais e reafirmando a relev\u00e2ncia do grupo no cen\u00e1rio musical contempor\u00e2neo.<\/p>\n<p>Por Reda\u00e7\u00e3o Acontece<\/p>\n<p>Guito Moreto<\/p>\n","protected":false},"excerpt":{"rendered":"<p>A primeira noite de um grande festival de m\u00fasica ficou marcada pela grandiosa apresenta\u00e7\u00e3o do Foo Fighters, que utilizou toda a tecnologia de tel\u00f5es de LED para empolgar o p\u00fablico presente. A energia de Dave Grohl no palco Comandados pelo carism\u00e1tico vocalista Dave Grohl, os m\u00fasicos entraram em ritmo acelerado logo nos primeiros minutos, abrindo [&hellip;]<\/p>\n","protected":false},"author":0,"featured_media":35739,"comment_status":"open","ping_status":"open","sticky":false,"template":"","format":"standard","meta":{"footnotes":""},"categories":[28],"tags":[],"class_list":["post-35731","post","type-post","status-publish","format-standard","has-post-thumbnail","hentry","category-mundo"],"_links":{"self":[{"href":"https:\/\/acontecenafronteira.com.br\/index.php\/wp-json\/wp\/v2\/posts\/35731","targetHints":{"allow":["GET"]}}],"collection":[{"href":"https:\/\/acontecenafronteira.com.br\/index.php\/wp-json\/wp\/v2\/posts"}],"about":[{"href":"https:\/\/acontecenafronteira.com.br\/index.php\/wp-json\/wp\/v2\/types\/post"}],"replies":[{"embeddable":true,"href":"https:\/\/acontecenafronteira.com.br\/index.php\/wp-json\/wp\/v2\/comments?post=35731"}],"version-history":[{"count":1,"href":"https:\/\/acontecenafronteira.com.br\/index.php\/wp-json\/wp\/v2\/posts\/35731\/revisions"}],"predecessor-version":[{"id":35738,"href":"https:\/\/acontecenafronteira.com.br\/index.php\/wp-json\/wp\/v2\/posts\/35731\/revisions\/35738"}],"wp:featuredmedia":[{"embeddable":true,"href":"https:\/\/acontecenafronteira.com.br\/index.php\/wp-json\/wp\/v2\/media\/35739"}],"wp:attachment":[{"href":"https:\/\/acontecenafronteira.com.br\/index.php\/wp-json\/wp\/v2\/media?parent=35731"}],"wp:term":[{"taxonomy":"category","embeddable":true,"href":"https:\/\/acontecenafronteira.com.br\/index.php\/wp-json\/wp\/v2\/categories?post=35731"},{"taxonomy":"post_tag","embeddable":true,"href":"https:\/\/acontecenafronteira.com.br\/index.php\/wp-json\/wp\/v2\/tags?post=35731"}],"curies":[{"name":"wp","href":"https:\/\/api.w.org\/{rel}","templated":true}]}}