{"id":35723,"date":"2026-09-05T01:36:48","date_gmt":"2026-09-05T04:36:48","guid":{"rendered":"https:\/\/acontecenafronteira.com.br\/?p=35723"},"modified":"2026-09-05T01:36:48","modified_gmt":"2026-09-05T04:36:48","slug":"julgamento-de-lindsay-clancy-e-anulado-nos-eua","status":"publish","type":"post","link":"https:\/\/acontecenafronteira.com.br\/index.php\/2026\/09\/05\/julgamento-de-lindsay-clancy-e-anulado-nos-eua\/","title":{"rendered":"Julgamento de Lindsay Clancy \u00e9 anulado nos EUA"},"content":{"rendered":"<p>Ap\u00f3s uma semana inteira de debates, o tribunal encerrou o julgamento de Lindsay Clancy, de 36 anos, sem uma defini\u00e7\u00e3o un\u00e2nime sobre a morte de seus tr\u00eas filhos, gerando grande repercuss\u00e3o nos Estados Unidos.<\/p>\n<h2>O impasse do j\u00fari<\/h2>\n<p>O conselho de senten\u00e7a, composto por doze pessoas \u2014 nove mulheres e tr\u00eas homens \u2014, passou semanas analisando o caso, mas esbarrou em uma diverg\u00eancia irredut\u00edvel, restando apenas um voto contr\u00e1rio para fechar o placar.<\/p>\n<p>Em um comunicado oficial enviado ao juiz respons\u00e1vel, os jurados lamentaram a impossibilidade de alcan\u00e7ar um consenso ap\u00f3s intensas delibera\u00e7\u00f5es.<\/p>\n<h2>Detalhes do caso e alega\u00e7\u00e3o da defesa<\/h2>\n<p>A acusada responde legalmente pelo falecimento de seus tr\u00eas herdeiros: Cora, de 5 anos, Dawson, de 3 anos, e Callan, de apenas 8 meses de idade, estrangulados em janeiro de 2023 na resid\u00eancia da fam\u00edlia. Ap\u00f3s o ocorrido, a m\u00e3e tentou cometer suic\u00eddio.<\/p>\n<p>Os advogados de defesa sustentam que a r\u00e9 enfrentava um quadro grave de <strong>psicose p\u00f3s-parto<\/strong>, patologia at\u00edpica desencadeada logo ap\u00f3s o nascimento devido a n\u00edveis extremos de exaust\u00e3o e estresse, capaz de induzir alucina\u00e7\u00f5es severas.<\/p>\n<h2>Pr\u00f3ximos passos judiciais<\/h2>\n<p>Com a anula\u00e7\u00e3o decretada, a acusa\u00e7\u00e3o precisar\u00e1 definir se pretende solicitar a realiza\u00e7\u00e3o de um novo julgamento perante outro corpo de jurados.<\/p>\n<p>Atualmente, a r\u00e9 segue sob cuidados m\u00e9dicos em uma institui\u00e7\u00e3o psiqui\u00e1trica, local onde permanece internada h\u00e1 tr\u00eas anos.<\/p>\n<p>O promotor encarregado do caso, Tim Cruz, preferiu n\u00e3o antecipar se haver\u00e1 um novo processo, refor\u00e7ando que o foco principal da acusa\u00e7\u00e3o permanece voltado para a busca de justi\u00e7a em mem\u00f3ria das crian\u00e7as v\u00edtimas.<\/p>\n<p>Por Reda\u00e7\u00e3o Acontece<\/p>\n<p>Foto: Divulga\u00e7\u00e3o\/Tribunal<\/p>\n","protected":false},"excerpt":{"rendered":"<p>Ap\u00f3s uma semana inteira de debates, o tribunal encerrou o julgamento de Lindsay Clancy, de 36 anos, sem uma defini\u00e7\u00e3o un\u00e2nime sobre a morte de seus tr\u00eas filhos, gerando grande repercuss\u00e3o nos Estados Unidos. O impasse do j\u00fari O conselho de senten\u00e7a, composto por doze pessoas \u2014 nove mulheres e tr\u00eas homens \u2014, passou semanas [&hellip;]<\/p>\n","protected":false},"author":0,"featured_media":35725,"comment_status":"open","ping_status":"open","sticky":false,"template":"","format":"standard","meta":{"footnotes":""},"categories":[6],"tags":[],"class_list":["post-35723","post","type-post","status-publish","format-standard","has-post-thumbnail","hentry","category-mercosul"],"_links":{"self":[{"href":"https:\/\/acontecenafronteira.com.br\/index.php\/wp-json\/wp\/v2\/posts\/35723","targetHints":{"allow":["GET"]}}],"collection":[{"href":"https:\/\/acontecenafronteira.com.br\/index.php\/wp-json\/wp\/v2\/posts"}],"about":[{"href":"https:\/\/acontecenafronteira.com.br\/index.php\/wp-json\/wp\/v2\/types\/post"}],"replies":[{"embeddable":true,"href":"https:\/\/acontecenafronteira.com.br\/index.php\/wp-json\/wp\/v2\/comments?post=35723"}],"version-history":[{"count":1,"href":"https:\/\/acontecenafronteira.com.br\/index.php\/wp-json\/wp\/v2\/posts\/35723\/revisions"}],"predecessor-version":[{"id":35724,"href":"https:\/\/acontecenafronteira.com.br\/index.php\/wp-json\/wp\/v2\/posts\/35723\/revisions\/35724"}],"wp:featuredmedia":[{"embeddable":true,"href":"https:\/\/acontecenafronteira.com.br\/index.php\/wp-json\/wp\/v2\/media\/35725"}],"wp:attachment":[{"href":"https:\/\/acontecenafronteira.com.br\/index.php\/wp-json\/wp\/v2\/media?parent=35723"}],"wp:term":[{"taxonomy":"category","embeddable":true,"href":"https:\/\/acontecenafronteira.com.br\/index.php\/wp-json\/wp\/v2\/categories?post=35723"},{"taxonomy":"post_tag","embeddable":true,"href":"https:\/\/acontecenafronteira.com.br\/index.php\/wp-json\/wp\/v2\/tags?post=35723"}],"curies":[{"name":"wp","href":"https:\/\/api.w.org\/{rel}","templated":true}]}}