{"id":35712,"date":"2026-09-05T01:36:43","date_gmt":"2026-09-05T04:36:43","guid":{"rendered":"https:\/\/acontecenafronteira.com.br\/?p=35712"},"modified":"2026-09-05T01:36:43","modified_gmt":"2026-09-05T04:36:43","slug":"vasco-avanca-em-recuperacao-judicial-e-venda-da-saf","status":"publish","type":"post","link":"https:\/\/acontecenafronteira.com.br\/index.php\/2026\/09\/05\/vasco-avanca-em-recuperacao-judicial-e-venda-da-saf\/","title":{"rendered":"Vasco avan\u00e7a em recupera\u00e7\u00e3o judicial e venda da SAF"},"content":{"rendered":"<p>O futuro institucional do Vasco deu um passo significativo nesta sexta-feira com a manifesta\u00e7\u00e3o favor\u00e1vel da Administra\u00e7\u00e3o Judicial, do Watchdog e do Gatekeeper. Os \u00f3rg\u00e3os que acompanham o processo de recupera\u00e7\u00e3o judicial aprovaram a contrata\u00e7\u00e3o de um empr\u00e9stimo DIP no valor de at\u00e9 R$ 150 milh\u00f5es, al\u00e9m da continuidade do leil\u00e3o para a comercializa\u00e7\u00e3o de 90% da nova SAF.<\/p>\n<h2>Pr\u00f3ximos passos na Justi\u00e7a<\/h2>\n<p>Com o parecer positivo dos auxiliares do ju\u00edzo, o processo agora segue para a an\u00e1lise oficial do Minist\u00e9rio P\u00fablico e da 4\u00aa Vara Empresarial. O prazo inicial estipulado para 2 de setembro havia sido prorrogado ap\u00f3s um acordo firmado entre o clube e a 777 Carioca LLC, detentora de 31% das a\u00e7\u00f5es da SAF, permitindo a emiss\u00e3o de um novo posicionamento conjunto.<\/p>\n<h2>Necessidade de fluxo de caixa<\/h2>\n<p>Segundo a avalia\u00e7\u00e3o t\u00e9cnica dos \u00f3rg\u00e3os fiscalizadores, o clube carioca apresenta uma urg\u00eancia real na recomposi\u00e7\u00e3o de sua liquidez financeira para manter as opera\u00e7\u00f5es di\u00e1rias. Entre as op\u00e7\u00f5es analisadas, a proposta de empr\u00e9stimo apresentada pela Almirantes Participa\u00e7\u00f5es, ligada a Marcos Lamacchia, foi considerada a alternativa com o melhor custo-benef\u00edcio.<\/p>\n<h2>Restri\u00e7\u00f5es no uso dos recursos<\/h2>\n<p>Apesar da libera\u00e7\u00e3o do montante expressivo, o clube n\u00e3o ter\u00e1 acesso livre a totalidade dos recursos de forma imediata. O parecer t\u00e9cnico estabelece que o dinheiro deve ser mantido em caixa para ser utilizado estritamente em demandas essenciais, sempre sob rigoroso acompanhamento e fiscaliza\u00e7\u00e3o dos \u00f3rg\u00e3os competentes.<\/p>\n<h2>Movimenta\u00e7\u00f5es no mercado da bola<\/h2>\n<p>Enquanto os tr\u00e2mites jur\u00eddicos avan\u00e7am, o Tribunal autorizou a diretoria a buscar refor\u00e7os no mercado antes mesmo da libera\u00e7\u00e3o oficial do empr\u00e9stimo de R$ 150 milh\u00f5es, com foco no encerramento da janela de transfer\u00eancias. Negocia\u00e7\u00f5es de maior express\u00e3o tamb\u00e9m foram liberadas, desde que os pagamentos excedentes sejam projetados para per\u00edodos futuros, utilizando modelos como empr\u00e9stimos com obriga\u00e7\u00e3o de compra para preservar a sa\u00fade financeira a curto prazo.<\/p>\n<p>Por Reda\u00e7\u00e3o Acontece<\/p>\n<p>Reprodu\u00e7\u00e3o \/ Internet<\/p>\n","protected":false},"excerpt":{"rendered":"<p>O futuro institucional do Vasco deu um passo significativo nesta sexta-feira com a manifesta\u00e7\u00e3o favor\u00e1vel da Administra\u00e7\u00e3o Judicial, do Watchdog e do Gatekeeper. Os \u00f3rg\u00e3os que acompanham o processo de recupera\u00e7\u00e3o judicial aprovaram a contrata\u00e7\u00e3o de um empr\u00e9stimo DIP no valor de at\u00e9 R$ 150 milh\u00f5es, al\u00e9m da continuidade do leil\u00e3o para a comercializa\u00e7\u00e3o de [&hellip;]<\/p>\n","protected":false},"author":0,"featured_media":35722,"comment_status":"open","ping_status":"open","sticky":false,"template":"","format":"standard","meta":{"footnotes":""},"categories":[28],"tags":[],"class_list":["post-35712","post","type-post","status-publish","format-standard","has-post-thumbnail","hentry","category-mundo"],"_links":{"self":[{"href":"https:\/\/acontecenafronteira.com.br\/index.php\/wp-json\/wp\/v2\/posts\/35712","targetHints":{"allow":["GET"]}}],"collection":[{"href":"https:\/\/acontecenafronteira.com.br\/index.php\/wp-json\/wp\/v2\/posts"}],"about":[{"href":"https:\/\/acontecenafronteira.com.br\/index.php\/wp-json\/wp\/v2\/types\/post"}],"replies":[{"embeddable":true,"href":"https:\/\/acontecenafronteira.com.br\/index.php\/wp-json\/wp\/v2\/comments?post=35712"}],"version-history":[{"count":1,"href":"https:\/\/acontecenafronteira.com.br\/index.php\/wp-json\/wp\/v2\/posts\/35712\/revisions"}],"predecessor-version":[{"id":35721,"href":"https:\/\/acontecenafronteira.com.br\/index.php\/wp-json\/wp\/v2\/posts\/35712\/revisions\/35721"}],"wp:featuredmedia":[{"embeddable":true,"href":"https:\/\/acontecenafronteira.com.br\/index.php\/wp-json\/wp\/v2\/media\/35722"}],"wp:attachment":[{"href":"https:\/\/acontecenafronteira.com.br\/index.php\/wp-json\/wp\/v2\/media?parent=35712"}],"wp:term":[{"taxonomy":"category","embeddable":true,"href":"https:\/\/acontecenafronteira.com.br\/index.php\/wp-json\/wp\/v2\/categories?post=35712"},{"taxonomy":"post_tag","embeddable":true,"href":"https:\/\/acontecenafronteira.com.br\/index.php\/wp-json\/wp\/v2\/tags?post=35712"}],"curies":[{"name":"wp","href":"https:\/\/api.w.org\/{rel}","templated":true}]}}