{"id":35711,"date":"2026-09-05T01:36:32","date_gmt":"2026-09-05T04:36:32","guid":{"rendered":"https:\/\/acontecenafronteira.com.br\/?p=35711"},"modified":"2026-09-05T01:36:32","modified_gmt":"2026-09-05T04:36:32","slug":"filipe-luis-faz-historia-no-monaco-com-100-de-vitorias","status":"publish","type":"post","link":"https:\/\/acontecenafronteira.com.br\/index.php\/2026\/09\/05\/filipe-luis-faz-historia-no-monaco-com-100-de-vitorias\/","title":{"rendered":"Filipe Lu\u00eds faz hist\u00f3ria no Monaco com 100% de vit\u00f3rias"},"content":{"rendered":"<p>O t\u00e9cnico brasileiro Filipe Lu\u00eds vive um in\u00edcio de trajet\u00f3ria dos sonhos no futebol europeu e j\u00e1 cravou seu nome na hist\u00f3ria do Monaco. Contratado em julho, o ex-lateral acumula um aproveitamento perfeito de 100% nas partidas oficiais disputadas at\u00e9 o momento pela equipe do Principado.<\/p>\n<h2>Recorde in\u00e9dito no comando monegasco<\/h2>\n<p>Com essa sequ\u00eancia vitoriosa, o ex-comandante do Flamengo se transformou no primeiro t\u00e9cnico na hist\u00f3ria do clube a triunfar em seus primeiros cinco confrontos oficiais, deixando de lado os resultados obtidos em amistosos de pr\u00e9-temporada.<\/p>\n<p>O desempenho hist\u00f3rico engloba os dois duelos diante do G\u00f3rnik Zabrze, da Pol\u00f4nia, v\u00e1lidos pela fase preliminar da Liga Confer\u00eancia, al\u00e9m dos tr\u00eas primeiros compromissos v\u00e1lidos pelo Campeonato Franc\u00eas, superando Le Havre, Olympique de Marselha e o tradicional PSG.<\/p>\n<h2>Cautela e foco na sequ\u00eancia da temporada<\/h2>\n<p>Ap\u00f3s o triunfo de virada sobre o Paris Saint-Germain jogando na capital francesa, o treinador destacou a import\u00e2ncia de manter os p\u00e9s no ch\u00e3o, elogiando o comprometimento t\u00e1tico e a postura do grupo diante do que considerou a melhor equipe do mundo.<\/p>\n<p>Pensando nos pr\u00f3ximos passos, o comandante refor\u00e7ou que sua prioridade \u00e9 extrair o m\u00e1ximo de rendimento de cada atleta, adotando uma filosofia de foco absoluto em uma partida por vez.<\/p>\n<p>Atualmente na lideran\u00e7a isolada da Ligue 1 com nove pontos conquistados, o time do Principado se prepara para retornar aos gramados no pr\u00f3ximo dia 12, quando enfrentar\u00e1 o Strasbourg em busca de manter a boa fase na competi\u00e7\u00e3o nacional.<\/p>\n<p>Por Reda\u00e7\u00e3o Acontece<\/p>\n<p>Cr\u00e9ditos da imagem: Divulga\u00e7\u00e3o\/Monaco<\/p>\n","protected":false},"excerpt":{"rendered":"<p>O t\u00e9cnico brasileiro Filipe Lu\u00eds vive um in\u00edcio de trajet\u00f3ria dos sonhos no futebol europeu e j\u00e1 cravou seu nome na hist\u00f3ria do Monaco. Contratado em julho, o ex-lateral acumula um aproveitamento perfeito de 100% nas partidas oficiais disputadas at\u00e9 o momento pela equipe do Principado. Recorde in\u00e9dito no comando monegasco Com essa sequ\u00eancia vitoriosa, [&hellip;]<\/p>\n","protected":false},"author":0,"featured_media":35720,"comment_status":"open","ping_status":"open","sticky":false,"template":"","format":"standard","meta":{"footnotes":""},"categories":[28],"tags":[],"class_list":["post-35711","post","type-post","status-publish","format-standard","has-post-thumbnail","hentry","category-mundo"],"_links":{"self":[{"href":"https:\/\/acontecenafronteira.com.br\/index.php\/wp-json\/wp\/v2\/posts\/35711","targetHints":{"allow":["GET"]}}],"collection":[{"href":"https:\/\/acontecenafronteira.com.br\/index.php\/wp-json\/wp\/v2\/posts"}],"about":[{"href":"https:\/\/acontecenafronteira.com.br\/index.php\/wp-json\/wp\/v2\/types\/post"}],"replies":[{"embeddable":true,"href":"https:\/\/acontecenafronteira.com.br\/index.php\/wp-json\/wp\/v2\/comments?post=35711"}],"version-history":[{"count":1,"href":"https:\/\/acontecenafronteira.com.br\/index.php\/wp-json\/wp\/v2\/posts\/35711\/revisions"}],"predecessor-version":[{"id":35719,"href":"https:\/\/acontecenafronteira.com.br\/index.php\/wp-json\/wp\/v2\/posts\/35711\/revisions\/35719"}],"wp:featuredmedia":[{"embeddable":true,"href":"https:\/\/acontecenafronteira.com.br\/index.php\/wp-json\/wp\/v2\/media\/35720"}],"wp:attachment":[{"href":"https:\/\/acontecenafronteira.com.br\/index.php\/wp-json\/wp\/v2\/media?parent=35711"}],"wp:term":[{"taxonomy":"category","embeddable":true,"href":"https:\/\/acontecenafronteira.com.br\/index.php\/wp-json\/wp\/v2\/categories?post=35711"},{"taxonomy":"post_tag","embeddable":true,"href":"https:\/\/acontecenafronteira.com.br\/index.php\/wp-json\/wp\/v2\/tags?post=35711"}],"curies":[{"name":"wp","href":"https:\/\/api.w.org\/{rel}","templated":true}]}}