{"id":35709,"date":"2026-09-05T01:36:16","date_gmt":"2026-09-05T04:36:16","guid":{"rendered":"https:\/\/acontecenafronteira.com.br\/?p=35709"},"modified":"2026-09-05T01:36:16","modified_gmt":"2026-09-05T04:36:16","slug":"gp-da-italia-de-f1-ferrari-e-mclaren-desafiam-a-mercedes","status":"publish","type":"post","link":"https:\/\/acontecenafronteira.com.br\/index.php\/2026\/09\/05\/gp-da-italia-de-f1-ferrari-e-mclaren-desafiam-a-mercedes\/","title":{"rendered":"GP da It\u00e1lia de F1: Ferrari e McLaren desafiam a Mercedes"},"content":{"rendered":"<p>A temporada de F\u00f3rmula 1 chega a um momento de grande equil\u00edbrio neste fim de semana com a realiza\u00e7\u00e3o do tradicional Grande Pr\u00eamio da It\u00e1lia, no circuito de Monza. O que antes parecia um campeonato decidido cedeu espa\u00e7o a uma disputa intensa pelas primeiras posi\u00e7\u00f5es do Mundial de Construtores, com rivais se aproximando perigosamente da l\u00edder.<\/p>\n<h2>A rea\u00e7\u00e3o da concorr\u00eancia na F\u00f3rmula 1<\/h2>\n<p>\nA etapa anterior, disputada em Zandvoort, na Holanda, marcou a segunda vit\u00f3ria consecutiva do piloto Lando Norris, evidenciando o forte momento de recupera\u00e7\u00e3o da McLaren na competi\u00e7\u00e3o.<\/p>\n<p>Embora mantenha uma vantagem confort\u00e1vel na ponta da tabela com 425 pontos, a Mercedes j\u00e1 n\u00e3o tem a vida t\u00e3o tranquila quanto no in\u00edcio do ano. A escuderia alem\u00e3 faturou as seis primeiras provas e soma oito triunfos em doze etapas, impulsionada principalmente pelo desempenho do jovem Kimi Antonelli, de 20 anos, favorito ao t\u00edtulo de pilotos.<\/p>\n<h2>Disputa acirrada pelo topo do p\u00f3dio<\/h2>\n<p>\nO cen\u00e1rio de amplo dom\u00ednio solit\u00e1rio mudou nas \u00faltimas seis provas, per\u00edodo em que Mercedes, Ferrari e McLaren dividiram igualmente as vit\u00f3rias, com duas conquistas para cada uma. A quebra da hegemonia come\u00e7ou com a Ferrari, atrav\u00e9s de triunfos de Lewis Hamilton na Espanha e Charles Leclerc na Gr\u00e3-Bretanha.<\/p>\n<p>Vice-l\u00edder do campeonato com 338 pontos, o time italiano aposta na for\u00e7a de correr em casa para encurtar a dist\u00e2ncia. Os sinais iniciais foram positivos, com Leclerc liderando a primeira sess\u00e3o de treinos livres em Monza, seguido por Hamilton na segunda posi\u00e7\u00e3o.<\/p>\n<h2>Ascens\u00e3o da McLaren e for\u00e7a da Mercedes<\/h2>\n<p>\nA equipe brit\u00e2nica da McLaren, terceira colocada com 263 pontos, \u00e9 apontada como a principal for\u00e7a em ascens\u00e3o no grid atual, impulsionada pelas atua\u00e7\u00f5es de Norris na Hungria e na Holanda.<\/p>\n<p>Apesar da press\u00e3o, a Mercedes segue como o time a ser batido no campeonato, somando vit\u00f3rias recentes com George Russell na \u00c1ustria e Antonelli na B\u00e9lgica. A programa\u00e7\u00e3o em Monza continua com o \u00faltimo treino livre e a sess\u00e3o de qualifica\u00e7\u00e3o para definir o grid de largada, antecedendo a corrida oficial.<\/p>\n<p>Por Reda\u00e7\u00e3o Acontece<\/p>\n<p>Foto: Andrej ISAKOVIC \/ AFP<\/p>\n","protected":false},"excerpt":{"rendered":"<p>A temporada de F\u00f3rmula 1 chega a um momento de grande equil\u00edbrio neste fim de semana com a realiza\u00e7\u00e3o do tradicional Grande Pr\u00eamio da It\u00e1lia, no circuito de Monza. O que antes parecia um campeonato decidido cedeu espa\u00e7o a uma disputa intensa pelas primeiras posi\u00e7\u00f5es do Mundial de Construtores, com rivais se aproximando perigosamente da [&hellip;]<\/p>\n","protected":false},"author":0,"featured_media":35716,"comment_status":"open","ping_status":"open","sticky":false,"template":"","format":"standard","meta":{"footnotes":""},"categories":[28],"tags":[],"class_list":["post-35709","post","type-post","status-publish","format-standard","has-post-thumbnail","hentry","category-mundo"],"_links":{"self":[{"href":"https:\/\/acontecenafronteira.com.br\/index.php\/wp-json\/wp\/v2\/posts\/35709","targetHints":{"allow":["GET"]}}],"collection":[{"href":"https:\/\/acontecenafronteira.com.br\/index.php\/wp-json\/wp\/v2\/posts"}],"about":[{"href":"https:\/\/acontecenafronteira.com.br\/index.php\/wp-json\/wp\/v2\/types\/post"}],"replies":[{"embeddable":true,"href":"https:\/\/acontecenafronteira.com.br\/index.php\/wp-json\/wp\/v2\/comments?post=35709"}],"version-history":[{"count":1,"href":"https:\/\/acontecenafronteira.com.br\/index.php\/wp-json\/wp\/v2\/posts\/35709\/revisions"}],"predecessor-version":[{"id":35715,"href":"https:\/\/acontecenafronteira.com.br\/index.php\/wp-json\/wp\/v2\/posts\/35709\/revisions\/35715"}],"wp:featuredmedia":[{"embeddable":true,"href":"https:\/\/acontecenafronteira.com.br\/index.php\/wp-json\/wp\/v2\/media\/35716"}],"wp:attachment":[{"href":"https:\/\/acontecenafronteira.com.br\/index.php\/wp-json\/wp\/v2\/media?parent=35709"}],"wp:term":[{"taxonomy":"category","embeddable":true,"href":"https:\/\/acontecenafronteira.com.br\/index.php\/wp-json\/wp\/v2\/categories?post=35709"},{"taxonomy":"post_tag","embeddable":true,"href":"https:\/\/acontecenafronteira.com.br\/index.php\/wp-json\/wp\/v2\/tags?post=35709"}],"curies":[{"name":"wp","href":"https:\/\/api.w.org\/{rel}","templated":true}]}}