{"id":35708,"date":"2026-09-05T01:36:06","date_gmt":"2026-09-05T04:36:06","guid":{"rendered":"https:\/\/acontecenafronteira.com.br\/?p=35708"},"modified":"2026-09-05T01:36:06","modified_gmt":"2026-09-05T04:36:06","slug":"alerta-no-parana-como-o-super-el-nino-afeta-o-clima-global","status":"publish","type":"post","link":"https:\/\/acontecenafronteira.com.br\/index.php\/2026\/09\/05\/alerta-no-parana-como-o-super-el-nino-afeta-o-clima-global\/","title":{"rendered":"Alerta no Paran\u00e1: Como o Super El Ni\u00f1o afeta o clima global"},"content":{"rendered":"<p>O governo brit\u00e2nico emitiu um alerta oficial recomendando que a popula\u00e7\u00e3o crie reservas de mantimentos para enfrentar os impactos do Super El Ni\u00f1o, fen\u00f4meno clim\u00e1tico que j\u00e1 est\u00e1 em forma\u00e7\u00e3o no Oceano Pac\u00edfico e promete ser o mais intenso dos \u00faltimos mil\u00eanios.<\/p>\n<h2>Impactos previstos para o clima<\/h2>\n<p>A Secret\u00e1ria do Meio Ambiente do Reino Unido, Angela Eagle, destacou em entrevista recente que o evento meteorol\u00f3gico deve provocar tempestades severas, al\u00e9m de ver\u00f5es mais secos e invernos rigorosos, elevando o risco de sobrecarga nos servi\u00e7os de atendimento de emerg\u00eancia.<\/p>\n<h2>Riscos na cadeia de suprimentos<\/h2>\n<p>Especialistas apontam que a instabilidade clim\u00e1tica global, somada a vulnerabilidades log\u00edsticas, pode comprometer o fluxo normal de distribui\u00e7\u00e3o de g\u00eaneros aliment\u00edcios para supermercados e estabelecimentos comerciais, exigindo maior preparo das fam\u00edlias.<\/p>\n<p>O Escrit\u00f3rio Nacional de Auditorias brit\u00e2nico refor\u00e7ou que os cidad\u00e3os locais est\u00e3o menos preparados para desastres em compara\u00e7\u00e3o com vizinhos europeus, sugerindo a ado\u00e7\u00e3o de medidas preventivas semelhantes \u00e0s praticadas na Finl\u00e2ndia e na Su\u00e9cia.<\/p>\n<p>O executivo do pa\u00eds europeu planeja lan\u00e7ar uma estrat\u00e9gia abrangente voltada para a gest\u00e3o de crises e emerg\u00eancias nacionais at\u00e9 o encerramento do ano corrente, visando mitigar os riscos associados \u00e0s mudan\u00e7as clim\u00e1ticas extremas.<\/p>\n<p>Por Reda\u00e7\u00e3o Acontece Cr\u00e9ditos da imagem: Divulga\u00e7\u00e3o<\/p>\n","protected":false},"excerpt":{"rendered":"<p>O governo brit\u00e2nico emitiu um alerta oficial recomendando que a popula\u00e7\u00e3o crie reservas de mantimentos para enfrentar os impactos do Super El Ni\u00f1o, fen\u00f4meno clim\u00e1tico que j\u00e1 est\u00e1 em forma\u00e7\u00e3o no Oceano Pac\u00edfico e promete ser o mais intenso dos \u00faltimos mil\u00eanios. Impactos previstos para o clima A Secret\u00e1ria do Meio Ambiente do Reino Unido, [&hellip;]<\/p>\n","protected":false},"author":0,"featured_media":35714,"comment_status":"open","ping_status":"open","sticky":false,"template":"","format":"standard","meta":{"footnotes":""},"categories":[28],"tags":[],"class_list":["post-35708","post","type-post","status-publish","format-standard","has-post-thumbnail","hentry","category-mundo"],"_links":{"self":[{"href":"https:\/\/acontecenafronteira.com.br\/index.php\/wp-json\/wp\/v2\/posts\/35708","targetHints":{"allow":["GET"]}}],"collection":[{"href":"https:\/\/acontecenafronteira.com.br\/index.php\/wp-json\/wp\/v2\/posts"}],"about":[{"href":"https:\/\/acontecenafronteira.com.br\/index.php\/wp-json\/wp\/v2\/types\/post"}],"replies":[{"embeddable":true,"href":"https:\/\/acontecenafronteira.com.br\/index.php\/wp-json\/wp\/v2\/comments?post=35708"}],"version-history":[{"count":1,"href":"https:\/\/acontecenafronteira.com.br\/index.php\/wp-json\/wp\/v2\/posts\/35708\/revisions"}],"predecessor-version":[{"id":35713,"href":"https:\/\/acontecenafronteira.com.br\/index.php\/wp-json\/wp\/v2\/posts\/35708\/revisions\/35713"}],"wp:featuredmedia":[{"embeddable":true,"href":"https:\/\/acontecenafronteira.com.br\/index.php\/wp-json\/wp\/v2\/media\/35714"}],"wp:attachment":[{"href":"https:\/\/acontecenafronteira.com.br\/index.php\/wp-json\/wp\/v2\/media?parent=35708"}],"wp:term":[{"taxonomy":"category","embeddable":true,"href":"https:\/\/acontecenafronteira.com.br\/index.php\/wp-json\/wp\/v2\/categories?post=35708"},{"taxonomy":"post_tag","embeddable":true,"href":"https:\/\/acontecenafronteira.com.br\/index.php\/wp-json\/wp\/v2\/tags?post=35708"}],"curies":[{"name":"wp","href":"https:\/\/api.w.org\/{rel}","templated":true}]}}