{"id":35697,"date":"2026-09-05T00:36:46","date_gmt":"2026-09-05T03:36:46","guid":{"rendered":"https:\/\/acontecenafronteira.com.br\/?p=35697"},"modified":"2026-09-05T00:36:46","modified_gmt":"2026-09-05T03:36:46","slug":"cantor-giovani-quebra-o-silencio-e-pede-respeito-apos-divorcio","status":"publish","type":"post","link":"https:\/\/acontecenafronteira.com.br\/index.php\/2026\/09\/05\/cantor-giovani-quebra-o-silencio-e-pede-respeito-apos-divorcio\/","title":{"rendered":"Cantor Giovani quebra o sil\u00eancio e pede respeito ap\u00f3s div\u00f3rcio"},"content":{"rendered":"<p>O cantor sertanejo Giovani, que faz dupla com Gian, rompeu o sil\u00eancio nesta sexta-feira (4\/9) e publicou uma mensagem direcionada \u00e0 sua ex-mulher, Anna Carolina Morais. O pronunciamento ocorre logo ap\u00f3s a repercuss\u00e3o do t\u00e9rmino do relacionamento de 26 anos do casal.<\/p>\n<h2>Repercuss\u00e3o nas redes sociais<\/h2>\n<p>Atrav\u00e9s dos stories no Instagram, o artista reconheceu a import\u00e2ncia da hist\u00f3ria que construiu ao lado da influenciadora e fez um apelo p\u00fablico por discri\u00e7\u00e3o. &#8220;Obrigado, Carol pelas palavras. Voc\u00ea sabe exatamente que o que vivemos foi uma hist\u00f3ria de amor&#8221;, declarou o m\u00fasico na publica\u00e7\u00e3o.<\/p>\n<h2>Pedido de privacidade<\/h2>\n<p>Diante da repercuss\u00e3o do caso na m\u00eddia e entre os f\u00e3s, o cantor enfatizou que o momento exige resguardo e que o tema diz respeito apenas aos envolvidos. &#8220;Ao p\u00fablico e imprensa, mais uma vez pe\u00e7o que minha privacidade, assim como a das demais pessoas envolvidas, seja respeitada&#8221;, completou.<\/p>\n<p>O fim do casamento veio \u00e0 tona ap\u00f3s Anna Carolina publicar um longo desabafo na internet, onde negou boatos sobre a uni\u00e3o, defendeu o ex-marido e afirmou que ambos se amaram at\u00e9 o \u00faltimo dia, optando por seguir esta nova fase de forma reservada.<\/p>\n<p>Por Reda\u00e7\u00e3o Acontece<\/p>\n<p>Reprodu\u00e7\u00e3o\/Redes Sociais<\/p>\n","protected":false},"excerpt":{"rendered":"<p>O cantor sertanejo Giovani, que faz dupla com Gian, rompeu o sil\u00eancio nesta sexta-feira (4\/9) e publicou uma mensagem direcionada \u00e0 sua ex-mulher, Anna Carolina Morais. O pronunciamento ocorre logo ap\u00f3s a repercuss\u00e3o do t\u00e9rmino do relacionamento de 26 anos do casal. Repercuss\u00e3o nas redes sociais Atrav\u00e9s dos stories no Instagram, o artista reconheceu a [&hellip;]<\/p>\n","protected":false},"author":0,"featured_media":35707,"comment_status":"open","ping_status":"open","sticky":false,"template":"","format":"standard","meta":{"footnotes":""},"categories":[6],"tags":[],"class_list":["post-35697","post","type-post","status-publish","format-standard","has-post-thumbnail","hentry","category-mercosul"],"_links":{"self":[{"href":"https:\/\/acontecenafronteira.com.br\/index.php\/wp-json\/wp\/v2\/posts\/35697","targetHints":{"allow":["GET"]}}],"collection":[{"href":"https:\/\/acontecenafronteira.com.br\/index.php\/wp-json\/wp\/v2\/posts"}],"about":[{"href":"https:\/\/acontecenafronteira.com.br\/index.php\/wp-json\/wp\/v2\/types\/post"}],"replies":[{"embeddable":true,"href":"https:\/\/acontecenafronteira.com.br\/index.php\/wp-json\/wp\/v2\/comments?post=35697"}],"version-history":[{"count":1,"href":"https:\/\/acontecenafronteira.com.br\/index.php\/wp-json\/wp\/v2\/posts\/35697\/revisions"}],"predecessor-version":[{"id":35706,"href":"https:\/\/acontecenafronteira.com.br\/index.php\/wp-json\/wp\/v2\/posts\/35697\/revisions\/35706"}],"wp:featuredmedia":[{"embeddable":true,"href":"https:\/\/acontecenafronteira.com.br\/index.php\/wp-json\/wp\/v2\/media\/35707"}],"wp:attachment":[{"href":"https:\/\/acontecenafronteira.com.br\/index.php\/wp-json\/wp\/v2\/media?parent=35697"}],"wp:term":[{"taxonomy":"category","embeddable":true,"href":"https:\/\/acontecenafronteira.com.br\/index.php\/wp-json\/wp\/v2\/categories?post=35697"},{"taxonomy":"post_tag","embeddable":true,"href":"https:\/\/acontecenafronteira.com.br\/index.php\/wp-json\/wp\/v2\/tags?post=35697"}],"curies":[{"name":"wp","href":"https:\/\/api.w.org\/{rel}","templated":true}]}}