{"id":35696,"date":"2026-09-05T00:36:42","date_gmt":"2026-09-05T03:36:42","guid":{"rendered":"https:\/\/acontecenafronteira.com.br\/?p=35696"},"modified":"2026-09-05T00:36:42","modified_gmt":"2026-09-05T03:36:42","slug":"uruguai-convoca-9-atletas-do-brasileirao-para-data-fifa","status":"publish","type":"post","link":"https:\/\/acontecenafronteira.com.br\/index.php\/2026\/09\/05\/uruguai-convoca-9-atletas-do-brasileirao-para-data-fifa\/","title":{"rendered":"Uruguai convoca 9 atletas do Brasileir\u00e3o para Data Fifa"},"content":{"rendered":"<p>A sele\u00e7\u00e3o uruguaia divulgou nesta sexta-feira (4\/9) sua pr\u00e9-lista com 46 atletas para os pr\u00f3ximos compromissos da Data Fifa, abrangendo os meses de setembro e outubro. Sob o comando de Diego Forl\u00e1n, a rela\u00e7\u00e3o conta com nove <b>jogadores do Brasileir\u00e3o<\/b>, refor\u00e7ando a forte presen\u00e7a do futebol brasileiro na Celeste.<\/p>\n<h2>Atletas do Brasileir\u00e3o na lista<\/h2>\n<p>Entre os convocados que atuam em solo nacional, o Palmeiras lidera com tr\u00eas nomes: Alexander Barboza, Joaqu\u00edn Piquerez e Emiliano Mart\u00ednez. O Flamengo aparece com dois representantes, sendo Guillermo Varela e Giorgian de Arrascaeta. Completam a lista Puma Rodr\u00edguez (Vasco), Agust\u00edn Canobbio (Fluminense), Lucho Rodr\u00edguez (Cruzeiro) e Lucas Villalba (Botafogo).<\/p>\n<h2>Pr\u00f3ximos desafios da Celeste<\/h2>\n<p>O calend\u00e1rio da equipe sul-americana prev\u00ea tr\u00eas partidas internacionais neste per\u00edodo. O primeiro compromisso ser\u00e1 no dia 24 de setembro contra o Jap\u00e3o, seguido pelo confronto diante da Coreia do Sul quatro dias depois. O encerramento da agenda ocorre no dia 6 de outubro, quando o time enfrenta a \u00cdndia.<\/p>\n<p>Estes ser\u00e3o os primeiros compromissos oficiais da equipe nacional desde a disputa da Copa do Mundo de 2026. Na ocasi\u00e3o, o selecionado acabou eliminado ainda na fase de grupos, acumulando dois empates e uma derrota no torneio mundial.<\/p>\n<p>Por Reda\u00e7\u00e3o Acontece<\/p>\n<p>Foto: Divulga\u00e7\u00e3o\/Twitter Sele\u00e7\u00e3o Uruguaya<\/p>\n","protected":false},"excerpt":{"rendered":"<p>A sele\u00e7\u00e3o uruguaia divulgou nesta sexta-feira (4\/9) sua pr\u00e9-lista com 46 atletas para os pr\u00f3ximos compromissos da Data Fifa, abrangendo os meses de setembro e outubro. Sob o comando de Diego Forl\u00e1n, a rela\u00e7\u00e3o conta com nove jogadores do Brasileir\u00e3o, refor\u00e7ando a forte presen\u00e7a do futebol brasileiro na Celeste. Atletas do Brasileir\u00e3o na lista Entre [&hellip;]<\/p>\n","protected":false},"author":0,"featured_media":35705,"comment_status":"open","ping_status":"open","sticky":false,"template":"","format":"standard","meta":{"footnotes":""},"categories":[6],"tags":[],"class_list":["post-35696","post","type-post","status-publish","format-standard","has-post-thumbnail","hentry","category-mercosul"],"_links":{"self":[{"href":"https:\/\/acontecenafronteira.com.br\/index.php\/wp-json\/wp\/v2\/posts\/35696","targetHints":{"allow":["GET"]}}],"collection":[{"href":"https:\/\/acontecenafronteira.com.br\/index.php\/wp-json\/wp\/v2\/posts"}],"about":[{"href":"https:\/\/acontecenafronteira.com.br\/index.php\/wp-json\/wp\/v2\/types\/post"}],"replies":[{"embeddable":true,"href":"https:\/\/acontecenafronteira.com.br\/index.php\/wp-json\/wp\/v2\/comments?post=35696"}],"version-history":[{"count":1,"href":"https:\/\/acontecenafronteira.com.br\/index.php\/wp-json\/wp\/v2\/posts\/35696\/revisions"}],"predecessor-version":[{"id":35704,"href":"https:\/\/acontecenafronteira.com.br\/index.php\/wp-json\/wp\/v2\/posts\/35696\/revisions\/35704"}],"wp:featuredmedia":[{"embeddable":true,"href":"https:\/\/acontecenafronteira.com.br\/index.php\/wp-json\/wp\/v2\/media\/35705"}],"wp:attachment":[{"href":"https:\/\/acontecenafronteira.com.br\/index.php\/wp-json\/wp\/v2\/media?parent=35696"}],"wp:term":[{"taxonomy":"category","embeddable":true,"href":"https:\/\/acontecenafronteira.com.br\/index.php\/wp-json\/wp\/v2\/categories?post=35696"},{"taxonomy":"post_tag","embeddable":true,"href":"https:\/\/acontecenafronteira.com.br\/index.php\/wp-json\/wp\/v2\/tags?post=35696"}],"curies":[{"name":"wp","href":"https:\/\/api.w.org\/{rel}","templated":true}]}}