{"id":35695,"date":"2026-09-05T00:36:38","date_gmt":"2026-09-05T03:36:38","guid":{"rendered":"https:\/\/acontecenafronteira.com.br\/?p=35695"},"modified":"2026-09-05T00:36:38","modified_gmt":"2026-09-05T03:36:38","slug":"foz-do-iguacu-e-parana-noticia-politica-geral","status":"publish","type":"post","link":"https:\/\/acontecenafronteira.com.br\/index.php\/2026\/09\/05\/foz-do-iguacu-e-parana-noticia-politica-geral\/","title":{"rendered":"Foz do Igua\u00e7u e Parana: Noticia politica geral"},"content":{"rendered":"<p>O cen\u00e1rio pol\u00edtico nacional e sua repercuss\u00e3o no estado do Paran\u00e1 movimentam os bastidores partid\u00e1rios e a opini\u00e3o p\u00fablica nesta temporada de elei\u00e7\u00f5es e debates legislativos.<\/p>\n<h2>Impacto das decis\u00f5es em Foz do Igua\u00e7u<\/h2>\n<p>As diretrizes definidas em \u00e2mbito federal geram debates intensos nos munic\u00edpios paranaenses, especialmente em regi\u00f5es estrat\u00e9gicas de fronteira como <strong>Foz do Igua\u00e7u<\/strong>.<\/p>\n<h3>A articula\u00e7\u00e3o dos partidos<\/h3>\n<p>As lideran\u00e7as locais buscam alinhar suas estrat\u00e9gias visando o fortalecimento das bases eleitorais e o desenvolvimento de projetos voltados para a infraestrutura regional.<\/p>\n<h2>Expectativa para o pleito<\/h2>\n<p>A movimenta\u00e7\u00e3o das lideran\u00e7as pol\u00edticas no Paran\u00e1 reflete a busca por maior representatividade no Congresso Nacional e nas assembleias legislativas.<\/p>\n<p>Novas alian\u00e7as continuam sendo formadas para consolidar chapas competitivas em todo o territ\u00f3rio paranaense, influenciando diretamente o futuro pol\u00edtico da regi\u00e3o sul do pa\u00eds.<\/p>\n<p>Por Reda\u00e7\u00e3o Acontece<\/p>\n<p>Reprodu\u00e7\u00e3o \/ Redes Sociais<\/p>\n","protected":false},"excerpt":{"rendered":"<p>O cen\u00e1rio pol\u00edtico nacional e sua repercuss\u00e3o no estado do Paran\u00e1 movimentam os bastidores partid\u00e1rios e a opini\u00e3o p\u00fablica nesta temporada de elei\u00e7\u00f5es e debates legislativos. Impacto das decis\u00f5es em Foz do Igua\u00e7u As diretrizes definidas em \u00e2mbito federal geram debates intensos nos munic\u00edpios paranaenses, especialmente em regi\u00f5es estrat\u00e9gicas de fronteira como Foz do Igua\u00e7u. [&hellip;]<\/p>\n","protected":false},"author":0,"featured_media":35703,"comment_status":"open","ping_status":"open","sticky":false,"template":"","format":"standard","meta":{"footnotes":""},"categories":[6],"tags":[],"class_list":["post-35695","post","type-post","status-publish","format-standard","has-post-thumbnail","hentry","category-mercosul"],"_links":{"self":[{"href":"https:\/\/acontecenafronteira.com.br\/index.php\/wp-json\/wp\/v2\/posts\/35695","targetHints":{"allow":["GET"]}}],"collection":[{"href":"https:\/\/acontecenafronteira.com.br\/index.php\/wp-json\/wp\/v2\/posts"}],"about":[{"href":"https:\/\/acontecenafronteira.com.br\/index.php\/wp-json\/wp\/v2\/types\/post"}],"replies":[{"embeddable":true,"href":"https:\/\/acontecenafronteira.com.br\/index.php\/wp-json\/wp\/v2\/comments?post=35695"}],"version-history":[{"count":1,"href":"https:\/\/acontecenafronteira.com.br\/index.php\/wp-json\/wp\/v2\/posts\/35695\/revisions"}],"predecessor-version":[{"id":35702,"href":"https:\/\/acontecenafronteira.com.br\/index.php\/wp-json\/wp\/v2\/posts\/35695\/revisions\/35702"}],"wp:featuredmedia":[{"embeddable":true,"href":"https:\/\/acontecenafronteira.com.br\/index.php\/wp-json\/wp\/v2\/media\/35703"}],"wp:attachment":[{"href":"https:\/\/acontecenafronteira.com.br\/index.php\/wp-json\/wp\/v2\/media?parent=35695"}],"wp:term":[{"taxonomy":"category","embeddable":true,"href":"https:\/\/acontecenafronteira.com.br\/index.php\/wp-json\/wp\/v2\/categories?post=35695"},{"taxonomy":"post_tag","embeddable":true,"href":"https:\/\/acontecenafronteira.com.br\/index.php\/wp-json\/wp\/v2\/tags?post=35695"}],"curies":[{"name":"wp","href":"https:\/\/api.w.org\/{rel}","templated":true}]}}