{"id":35694,"date":"2026-09-05T00:36:34","date_gmt":"2026-09-05T03:36:34","guid":{"rendered":"https:\/\/acontecenafronteira.com.br\/?p=35694"},"modified":"2026-09-05T00:36:34","modified_gmt":"2026-09-05T03:36:34","slug":"foz-do-iguacu-e-brasileirao-o-impacto-de-tragedias-internacionais","status":"publish","type":"post","link":"https:\/\/acontecenafronteira.com.br\/index.php\/2026\/09\/05\/foz-do-iguacu-e-brasileirao-o-impacto-de-tragedias-internacionais\/","title":{"rendered":"Foz do Igua\u00e7u e Brasileir\u00e3o: O impacto de trag\u00e9dias internacionais"},"content":{"rendered":"<p>Uma grave trag\u00e9dia em uma instala\u00e7\u00e3o militar na cidade de Viacha, na Bol\u00edvia, resultou em duas mortes, 59 feridos e sete pessoas desaparecidas ap\u00f3s duas fortes detona\u00e7\u00f5es nesta sexta-feira (4\/9).<\/p>\n<h2>Reflexos na Regi\u00e3o de Fronteira<\/h2>\n<p>O incidente na base boliviana gerou apreens\u00e3o em \u00e1reas de fronteira, mobilizando autoridades locais e equipes de seguran\u00e7a. O impacto da explos\u00e3o foi t\u00e3o intenso que resid\u00eancias vizinhas ao quartel sofreram danos estruturais significativos, al\u00e9m de um inc\u00eandio de grandes propor\u00e7\u00f5es que exigiu a\u00e7\u00e3o r\u00e1pida para ser controlado.<\/p>\n<h2>Investiga\u00e7\u00e3o e Buscas<\/h2>\n<p>De acordo com publica\u00e7\u00f5es locais, o acidente ocorreu em um setor destinado a treinamentos com armamentos pesados. As for\u00e7as de seguran\u00e7a isolaram o per\u00edmetro para permitir o trabalho das equipes de resgate, que continuam vasculhando os escombros em busca dos desaparecidos.<\/p>\n<p>At\u00e9 o momento, as autoridades policiais evitaram especular sobre as causas do desastre. Representantes da seguran\u00e7a p\u00fablica afirmaram que \u00e9 prematuro levantar hip\u00f3teses sem comprova\u00e7\u00e3o t\u00e9cnica e cient\u00edfica, priorizando o atendimento \u00e0s v\u00edtimas e a estabiliza\u00e7\u00e3o da \u00e1rea afetada.<\/p>\n<p>Por Reda\u00e7\u00e3o Acontece<\/p>\n<p>Cr\u00e9ditos da imagem: Reprodu\u00e7\u00e3o \/ Redes Sociais<\/p>\n","protected":false},"excerpt":{"rendered":"<p>Uma grave trag\u00e9dia em uma instala\u00e7\u00e3o militar na cidade de Viacha, na Bol\u00edvia, resultou em duas mortes, 59 feridos e sete pessoas desaparecidas ap\u00f3s duas fortes detona\u00e7\u00f5es nesta sexta-feira (4\/9). Reflexos na Regi\u00e3o de Fronteira O incidente na base boliviana gerou apreens\u00e3o em \u00e1reas de fronteira, mobilizando autoridades locais e equipes de seguran\u00e7a. O impacto [&hellip;]<\/p>\n","protected":false},"author":0,"featured_media":35701,"comment_status":"open","ping_status":"open","sticky":false,"template":"","format":"standard","meta":{"footnotes":""},"categories":[6],"tags":[],"class_list":["post-35694","post","type-post","status-publish","format-standard","has-post-thumbnail","hentry","category-mercosul"],"_links":{"self":[{"href":"https:\/\/acontecenafronteira.com.br\/index.php\/wp-json\/wp\/v2\/posts\/35694","targetHints":{"allow":["GET"]}}],"collection":[{"href":"https:\/\/acontecenafronteira.com.br\/index.php\/wp-json\/wp\/v2\/posts"}],"about":[{"href":"https:\/\/acontecenafronteira.com.br\/index.php\/wp-json\/wp\/v2\/types\/post"}],"replies":[{"embeddable":true,"href":"https:\/\/acontecenafronteira.com.br\/index.php\/wp-json\/wp\/v2\/comments?post=35694"}],"version-history":[{"count":1,"href":"https:\/\/acontecenafronteira.com.br\/index.php\/wp-json\/wp\/v2\/posts\/35694\/revisions"}],"predecessor-version":[{"id":35700,"href":"https:\/\/acontecenafronteira.com.br\/index.php\/wp-json\/wp\/v2\/posts\/35694\/revisions\/35700"}],"wp:featuredmedia":[{"embeddable":true,"href":"https:\/\/acontecenafronteira.com.br\/index.php\/wp-json\/wp\/v2\/media\/35701"}],"wp:attachment":[{"href":"https:\/\/acontecenafronteira.com.br\/index.php\/wp-json\/wp\/v2\/media?parent=35694"}],"wp:term":[{"taxonomy":"category","embeddable":true,"href":"https:\/\/acontecenafronteira.com.br\/index.php\/wp-json\/wp\/v2\/categories?post=35694"},{"taxonomy":"post_tag","embeddable":true,"href":"https:\/\/acontecenafronteira.com.br\/index.php\/wp-json\/wp\/v2\/tags?post=35694"}],"curies":[{"name":"wp","href":"https:\/\/api.w.org\/{rel}","templated":true}]}}