{"id":35693,"date":"2026-09-05T00:36:31","date_gmt":"2026-09-05T03:36:31","guid":{"rendered":"https:\/\/acontecenafronteira.com.br\/?p=35693"},"modified":"2026-09-05T00:36:31","modified_gmt":"2026-09-05T03:36:31","slug":"tetris-nega-ligacao-com-jogo-da-casa-branca","status":"publish","type":"post","link":"https:\/\/acontecenafronteira.com.br\/index.php\/2026\/09\/05\/tetris-nega-ligacao-com-jogo-da-casa-branca\/","title":{"rendered":"Tetris nega liga\u00e7\u00e3o com jogo da Casa Branca"},"content":{"rendered":"<p>A companhia respons\u00e1vel pelo cl\u00e1ssico jogo <strong>Tetris<\/strong> veio a p\u00fablico nesta sexta-feira (4\/9) para esclarecer que n\u00e3o possui qualquer v\u00ednculo com a nova plataforma de games divulgada pela Casa Branca, cujo conte\u00fado faz alus\u00e3o \u00e0s restritivas pol\u00edticas migrat\u00f3rias do presidente norte-americano Donald Trump.<\/p>\n<h2>Posicionamento oficial da empresa<\/h2>\n<p>Por meio de nota oficial, a marca enfatizou que reprova qualquer uso indevido de sua propriedade intelectual. A viola\u00e7\u00e3o de direitos autorais \u00e9 tratada com extrema rigidez pela corpora\u00e7\u00e3o, que aproveitou para refor\u00e7ar seus valores fundamentais perante o p\u00fablico global e a comunidade de jogadores.<\/p>\n<h2>Valores de uni\u00e3o e diversidade<\/h2>\n<p>Diferente da proposta divisionista encontrada na iniciativa governamental, a empresa destacou que sua ess\u00eancia \u00e9 promover a integra\u00e7\u00e3o e o di\u00e1logo entre indiv\u00edduos de diferentes origens. Os f\u00e3s da marca receberam mensagens de agradecimento pelo apoio cont\u00ednuo ao longo das d\u00e9cadas de hist\u00f3ria do famoso quebra-cabe\u00e7a eletr\u00f4nico.<\/p>\n<h2>Contexto do lan\u00e7amento pol\u00eamico<\/h2>\n<p>Os jogos em quest\u00e3o foram disponibilizados na quinta-feira (3\/9) e trazem inspira\u00e7\u00f5es evidentes em sucessos retr\u00f4 dos fliperamas, incluindo o pr\u00f3prio <strong>Tetris<\/strong> e o tradicional &#8220;jogo da cobrinha&#8221; (Snake). Nas din\u00e2micas apresentadas, o p\u00fablico infantojuvenil \u00e9 estimulado a simular o controle e a prote\u00e7\u00e3o das fronteiras norte-americanas, refletindo a agenda de endurecimento migrat\u00f3rio implementada pela gest\u00e3o atual desde o in\u00edcio do mandato.<\/p>\n<p>Criado originalmente em 1984, o ic\u00f4nico game de encaixar blocos transformou-se em uma febre cultural em todo o planeta, distanciando-se agora de pol\u00eamicas pol\u00edtico-partid\u00e1rias internacionais.<\/p>\n<p>Por Reda\u00e7\u00e3o Acontece<\/p>\n<p>Foto: Divulga\u00e7\u00e3o\/Tetris<\/p>\n","protected":false},"excerpt":{"rendered":"<p>A companhia respons\u00e1vel pelo cl\u00e1ssico jogo Tetris veio a p\u00fablico nesta sexta-feira (4\/9) para esclarecer que n\u00e3o possui qualquer v\u00ednculo com a nova plataforma de games divulgada pela Casa Branca, cujo conte\u00fado faz alus\u00e3o \u00e0s restritivas pol\u00edticas migrat\u00f3rias do presidente norte-americano Donald Trump. Posicionamento oficial da empresa Por meio de nota oficial, a marca enfatizou [&hellip;]<\/p>\n","protected":false},"author":0,"featured_media":35699,"comment_status":"open","ping_status":"open","sticky":false,"template":"","format":"standard","meta":{"footnotes":""},"categories":[6],"tags":[],"class_list":["post-35693","post","type-post","status-publish","format-standard","has-post-thumbnail","hentry","category-mercosul"],"_links":{"self":[{"href":"https:\/\/acontecenafronteira.com.br\/index.php\/wp-json\/wp\/v2\/posts\/35693","targetHints":{"allow":["GET"]}}],"collection":[{"href":"https:\/\/acontecenafronteira.com.br\/index.php\/wp-json\/wp\/v2\/posts"}],"about":[{"href":"https:\/\/acontecenafronteira.com.br\/index.php\/wp-json\/wp\/v2\/types\/post"}],"replies":[{"embeddable":true,"href":"https:\/\/acontecenafronteira.com.br\/index.php\/wp-json\/wp\/v2\/comments?post=35693"}],"version-history":[{"count":1,"href":"https:\/\/acontecenafronteira.com.br\/index.php\/wp-json\/wp\/v2\/posts\/35693\/revisions"}],"predecessor-version":[{"id":35698,"href":"https:\/\/acontecenafronteira.com.br\/index.php\/wp-json\/wp\/v2\/posts\/35693\/revisions\/35698"}],"wp:featuredmedia":[{"embeddable":true,"href":"https:\/\/acontecenafronteira.com.br\/index.php\/wp-json\/wp\/v2\/media\/35699"}],"wp:attachment":[{"href":"https:\/\/acontecenafronteira.com.br\/index.php\/wp-json\/wp\/v2\/media?parent=35693"}],"wp:term":[{"taxonomy":"category","embeddable":true,"href":"https:\/\/acontecenafronteira.com.br\/index.php\/wp-json\/wp\/v2\/categories?post=35693"},{"taxonomy":"post_tag","embeddable":true,"href":"https:\/\/acontecenafronteira.com.br\/index.php\/wp-json\/wp\/v2\/tags?post=35693"}],"curies":[{"name":"wp","href":"https:\/\/api.w.org\/{rel}","templated":true}]}}