{"id":35682,"date":"2026-09-05T00:36:26","date_gmt":"2026-09-05T03:36:26","guid":{"rendered":"https:\/\/acontecenafronteira.com.br\/?p=35682"},"modified":"2026-09-05T00:36:26","modified_gmt":"2026-09-05T03:36:26","slug":"governanca-do-judiciario-ministro-dino-barra-penduricalhos","status":"publish","type":"post","link":"https:\/\/acontecenafronteira.com.br\/index.php\/2026\/09\/05\/governanca-do-judiciario-ministro-dino-barra-penduricalhos\/","title":{"rendered":"Governan\u00e7a do Judici\u00e1rio: Ministro Dino barra penduricalhos"},"content":{"rendered":"<p>O ministro Fl\u00e1vio Dino determinou em fevereiro a suspens\u00e3o de diversos pagamentos extras autorizados por via administrativa no \u00e2mbito do Judici\u00e1rio. A medida teve como foco principal conter a prolifera\u00e7\u00e3o descontrolada de benef\u00edcios financeiros dentro da Justi\u00e7a brasileira.<\/p>\n<h2>A redefini\u00e7\u00e3o das verbas indenizat\u00f3rias<\/h2>\n<p>O ponto central da decis\u00e3o envolve a corre\u00e7\u00e3o conceitual das chamadas verbas indenizat\u00f3rias. De acordo com a diretriz imposta, esses valores devem ser aplicados exclusivamente como ressarcimento por despesas reais que o servidor teve ao cumprir suas fun\u00e7\u00f5es profissionais.<\/p>\n<h3>O impacto nos gastos p\u00fablicos<\/h3>\n<p>Com essa interven\u00e7\u00e3o, busca-se estabelecer um rigor maior na fiscaliza\u00e7\u00e3o do uso dos recursos p\u00fablicos destinados ao funcionalismo p\u00fablico da \u00e1rea jur\u00eddica. A a\u00e7\u00e3o visa evitar distor\u00e7\u00f5es na aplica\u00e7\u00e3o de gratifica\u00e7\u00f5es que extrapolem o princ\u00edpio da compensa\u00e7\u00e3o de custos operacionais.<\/p>\n<p>As discuss\u00f5es em torno da transpar\u00eancia e do controle de vencimentos seguem no centro dos debates sobre reformas estruturais nos \u00f3rg\u00e3os de controle e tribunais do pa\u00eds.<\/p>\n<p>Por Reda\u00e7\u00e3o Acontece<\/p>\n<p>Cr\u00e9ditos da imagem: Divulga\u00e7\u00e3o \/ STF<\/p>\n","protected":false},"excerpt":{"rendered":"<p>O ministro Fl\u00e1vio Dino determinou em fevereiro a suspens\u00e3o de diversos pagamentos extras autorizados por via administrativa no \u00e2mbito do Judici\u00e1rio. A medida teve como foco principal conter a prolifera\u00e7\u00e3o descontrolada de benef\u00edcios financeiros dentro da Justi\u00e7a brasileira. A redefini\u00e7\u00e3o das verbas indenizat\u00f3rias O ponto central da decis\u00e3o envolve a corre\u00e7\u00e3o conceitual das chamadas verbas [&hellip;]<\/p>\n","protected":false},"author":0,"featured_media":35692,"comment_status":"open","ping_status":"open","sticky":false,"template":"","format":"standard","meta":{"footnotes":""},"categories":[28],"tags":[],"class_list":["post-35682","post","type-post","status-publish","format-standard","has-post-thumbnail","hentry","category-mundo"],"_links":{"self":[{"href":"https:\/\/acontecenafronteira.com.br\/index.php\/wp-json\/wp\/v2\/posts\/35682","targetHints":{"allow":["GET"]}}],"collection":[{"href":"https:\/\/acontecenafronteira.com.br\/index.php\/wp-json\/wp\/v2\/posts"}],"about":[{"href":"https:\/\/acontecenafronteira.com.br\/index.php\/wp-json\/wp\/v2\/types\/post"}],"replies":[{"embeddable":true,"href":"https:\/\/acontecenafronteira.com.br\/index.php\/wp-json\/wp\/v2\/comments?post=35682"}],"version-history":[{"count":1,"href":"https:\/\/acontecenafronteira.com.br\/index.php\/wp-json\/wp\/v2\/posts\/35682\/revisions"}],"predecessor-version":[{"id":35691,"href":"https:\/\/acontecenafronteira.com.br\/index.php\/wp-json\/wp\/v2\/posts\/35682\/revisions\/35691"}],"wp:featuredmedia":[{"embeddable":true,"href":"https:\/\/acontecenafronteira.com.br\/index.php\/wp-json\/wp\/v2\/media\/35692"}],"wp:attachment":[{"href":"https:\/\/acontecenafronteira.com.br\/index.php\/wp-json\/wp\/v2\/media?parent=35682"}],"wp:term":[{"taxonomy":"category","embeddable":true,"href":"https:\/\/acontecenafronteira.com.br\/index.php\/wp-json\/wp\/v2\/categories?post=35682"},{"taxonomy":"post_tag","embeddable":true,"href":"https:\/\/acontecenafronteira.com.br\/index.php\/wp-json\/wp\/v2\/tags?post=35682"}],"curies":[{"name":"wp","href":"https:\/\/api.w.org\/{rel}","templated":true}]}}