{"id":35681,"date":"2026-09-05T00:36:16","date_gmt":"2026-09-05T03:36:16","guid":{"rendered":"https:\/\/acontecenafronteira.com.br\/?p=35681"},"modified":"2026-09-05T00:36:16","modified_gmt":"2026-09-05T03:36:16","slug":"crise-no-stf-alexandre-de-moraes-mira-andre-mendonca","status":"publish","type":"post","link":"https:\/\/acontecenafronteira.com.br\/index.php\/2026\/09\/05\/crise-no-stf-alexandre-de-moraes-mira-andre-mendonca\/","title":{"rendered":"Crise no STF: Alexandre de Moraes mira Andr\u00e9 Mendon\u00e7a"},"content":{"rendered":"<p>Uma grave crise institucional abalou os bastidores do Supremo Tribunal Federal ap\u00f3s o ministro Alexandre de Moraes utilizar o inqu\u00e9rito das fake news contra seu pr\u00f3prio colega de Corte, Andr\u00e9 Mendon\u00e7a.<\/p>\n<h2>O estopim da crise na mais alta Corte<\/h2>\n<p>O movimento r\u00edspido ocorreu logo ap\u00f3s a exposi\u00e7\u00e3o de di\u00e1logos considerados indefens\u00e1veis entre Moraes e Daniel Vorcaro, atualmente preso.<\/p>\n<h2>Repercuss\u00e3o entre autoridades e governo<\/h2>\n<p>A atitude do magistrado pegou os demais integrantes do tribunal de surpresa, gerando perplexidade generalizada entre os ministros.<\/p>\n<p>Setores democr\u00e1ticos repudiaram a manobra, enquanto o presidente Luiz In\u00e1cio Lula da Silva apressou-se em manifestar indigna\u00e7\u00e3o p\u00fablica com o epis\u00f3dio.<\/p>\n<p>O desdobramento desse conflito interno coloca o Poder Judici\u00e1rio no centro de um turbilh\u00e3o pol\u00edtico sem precedentes na hist\u00f3ria recente do pa\u00eds.<\/p>\n<p>Por Reda\u00e7\u00e3o Acontece<\/p>\n<p>Cr\u00e9ditos da imagem: Divulga\u00e7\u00e3o \/ STF<\/p>\n","protected":false},"excerpt":{"rendered":"<p>Uma grave crise institucional abalou os bastidores do Supremo Tribunal Federal ap\u00f3s o ministro Alexandre de Moraes utilizar o inqu\u00e9rito das fake news contra seu pr\u00f3prio colega de Corte, Andr\u00e9 Mendon\u00e7a. O estopim da crise na mais alta Corte O movimento r\u00edspido ocorreu logo ap\u00f3s a exposi\u00e7\u00e3o de di\u00e1logos considerados indefens\u00e1veis entre Moraes e Daniel [&hellip;]<\/p>\n","protected":false},"author":0,"featured_media":35690,"comment_status":"open","ping_status":"open","sticky":false,"template":"","format":"standard","meta":{"footnotes":""},"categories":[28],"tags":[],"class_list":["post-35681","post","type-post","status-publish","format-standard","has-post-thumbnail","hentry","category-mundo"],"_links":{"self":[{"href":"https:\/\/acontecenafronteira.com.br\/index.php\/wp-json\/wp\/v2\/posts\/35681","targetHints":{"allow":["GET"]}}],"collection":[{"href":"https:\/\/acontecenafronteira.com.br\/index.php\/wp-json\/wp\/v2\/posts"}],"about":[{"href":"https:\/\/acontecenafronteira.com.br\/index.php\/wp-json\/wp\/v2\/types\/post"}],"replies":[{"embeddable":true,"href":"https:\/\/acontecenafronteira.com.br\/index.php\/wp-json\/wp\/v2\/comments?post=35681"}],"version-history":[{"count":1,"href":"https:\/\/acontecenafronteira.com.br\/index.php\/wp-json\/wp\/v2\/posts\/35681\/revisions"}],"predecessor-version":[{"id":35689,"href":"https:\/\/acontecenafronteira.com.br\/index.php\/wp-json\/wp\/v2\/posts\/35681\/revisions\/35689"}],"wp:featuredmedia":[{"embeddable":true,"href":"https:\/\/acontecenafronteira.com.br\/index.php\/wp-json\/wp\/v2\/media\/35690"}],"wp:attachment":[{"href":"https:\/\/acontecenafronteira.com.br\/index.php\/wp-json\/wp\/v2\/media?parent=35681"}],"wp:term":[{"taxonomy":"category","embeddable":true,"href":"https:\/\/acontecenafronteira.com.br\/index.php\/wp-json\/wp\/v2\/categories?post=35681"},{"taxonomy":"post_tag","embeddable":true,"href":"https:\/\/acontecenafronteira.com.br\/index.php\/wp-json\/wp\/v2\/tags?post=35681"}],"curies":[{"name":"wp","href":"https:\/\/api.w.org\/{rel}","templated":true}]}}