{"id":35680,"date":"2026-09-05T00:36:07","date_gmt":"2026-09-05T03:36:07","guid":{"rendered":"https:\/\/acontecenafronteira.com.br\/?p=35680"},"modified":"2026-09-05T00:36:07","modified_gmt":"2026-09-05T03:36:07","slug":"democracia-no-brasil-enfrenta-riscos-e-exige-reconstrucao","status":"publish","type":"post","link":"https:\/\/acontecenafronteira.com.br\/index.php\/2026\/09\/05\/democracia-no-brasil-enfrenta-riscos-e-exige-reconstrucao\/","title":{"rendered":"Democracia no Brasil enfrenta riscos e exige reconstru\u00e7\u00e3o"},"content":{"rendered":"<p>O cen\u00e1rio pol\u00edtico brasileiro atual gera forte preocupa\u00e7\u00e3o diante de sucessivas crises institucionais e amea\u00e7as constantes \u00e0 estabilidade do pa\u00eds.<\/p>\n<p>H2 Fatores de risco para as institui\u00e7\u00f5es<\/p>\n<p>H3 Press\u00f5es pol\u00edticas e extremismo<\/p>\n<p>Nos \u00faltimos dez anos, o pa\u00eds enfrentou o impedimento da \u00fanica mulher eleita \u00e0 Presid\u00eancia, lidou com tentativas de golpe e agora flerta novamente com o abismo institucional. O risco \u00e9 difuso e engloba o golpismo da extrema direita, al\u00e9m do temor de interfer\u00eancias estrangeiras de aliados de Donald Trump nas elei\u00e7\u00f5es brasileiras.<\/p>\n<p>H2 Conflitos entre poderes e esc\u00e2ndalos<\/p>\n<p>H3 Crises no Judici\u00e1rio e no Legislativo<\/p>\n<p>A situa\u00e7\u00e3o se agrava com disputas internas entre ministros no Supremo Tribunal Federal e esc\u00e2ndalos financeiros envolvendo figuras de destaque do mercado. Enquanto isso, o Poder Legislativo permanece isolado em seus pr\u00f3prios interesses, distanciando-se dos anseios da sociedade.<\/p>\n<p>H3 Descontentamento popular generalizado<\/p>\n<p>Por fim, toda essa conjuntura alimenta o profundo desencanto da popula\u00e7\u00e3o com um sistema pol\u00edtico considerado carcomido e carente de representatividade real.<\/p>\n<p>Diante desse panorama complexo, especialistas apontam que o caminho necess\u00e1rio exige o fortalecimento e a reconstru\u00e7\u00e3o das bases democr\u00e1ticas, em vez de sua destrui\u00e7\u00e3o.<\/p>\n<p>Por Reda\u00e7\u00e3o Acontece<\/p>\n<p>Cr\u00e9ditos da imagem: Reprodu\u00e7\u00e3o<\/p>\n","protected":false},"excerpt":{"rendered":"<p>O cen\u00e1rio pol\u00edtico brasileiro atual gera forte preocupa\u00e7\u00e3o diante de sucessivas crises institucionais e amea\u00e7as constantes \u00e0 estabilidade do pa\u00eds. H2 Fatores de risco para as institui\u00e7\u00f5es H3 Press\u00f5es pol\u00edticas e extremismo Nos \u00faltimos dez anos, o pa\u00eds enfrentou o impedimento da \u00fanica mulher eleita \u00e0 Presid\u00eancia, lidou com tentativas de golpe e agora flerta [&hellip;]<\/p>\n","protected":false},"author":0,"featured_media":35688,"comment_status":"open","ping_status":"open","sticky":false,"template":"","format":"standard","meta":{"footnotes":""},"categories":[28],"tags":[],"class_list":["post-35680","post","type-post","status-publish","format-standard","has-post-thumbnail","hentry","category-mundo"],"_links":{"self":[{"href":"https:\/\/acontecenafronteira.com.br\/index.php\/wp-json\/wp\/v2\/posts\/35680","targetHints":{"allow":["GET"]}}],"collection":[{"href":"https:\/\/acontecenafronteira.com.br\/index.php\/wp-json\/wp\/v2\/posts"}],"about":[{"href":"https:\/\/acontecenafronteira.com.br\/index.php\/wp-json\/wp\/v2\/types\/post"}],"replies":[{"embeddable":true,"href":"https:\/\/acontecenafronteira.com.br\/index.php\/wp-json\/wp\/v2\/comments?post=35680"}],"version-history":[{"count":1,"href":"https:\/\/acontecenafronteira.com.br\/index.php\/wp-json\/wp\/v2\/posts\/35680\/revisions"}],"predecessor-version":[{"id":35687,"href":"https:\/\/acontecenafronteira.com.br\/index.php\/wp-json\/wp\/v2\/posts\/35680\/revisions\/35687"}],"wp:featuredmedia":[{"embeddable":true,"href":"https:\/\/acontecenafronteira.com.br\/index.php\/wp-json\/wp\/v2\/media\/35688"}],"wp:attachment":[{"href":"https:\/\/acontecenafronteira.com.br\/index.php\/wp-json\/wp\/v2\/media?parent=35680"}],"wp:term":[{"taxonomy":"category","embeddable":true,"href":"https:\/\/acontecenafronteira.com.br\/index.php\/wp-json\/wp\/v2\/categories?post=35680"},{"taxonomy":"post_tag","embeddable":true,"href":"https:\/\/acontecenafronteira.com.br\/index.php\/wp-json\/wp\/v2\/tags?post=35680"}],"curies":[{"name":"wp","href":"https:\/\/api.w.org\/{rel}","templated":true}]}}