{"id":35679,"date":"2026-09-05T00:36:02","date_gmt":"2026-09-05T03:36:02","guid":{"rendered":"https:\/\/acontecenafronteira.com.br\/?p=35679"},"modified":"2026-09-05T00:36:02","modified_gmt":"2026-09-05T03:36:02","slug":"fofocas-sobre-mensagens-privadas-ofuscam-noticias-reais","status":"publish","type":"post","link":"https:\/\/acontecenafronteira.com.br\/index.php\/2026\/09\/05\/fofocas-sobre-mensagens-privadas-ofuscam-noticias-reais\/","title":{"rendered":"Fofocas sobre mensagens privadas ofuscam not\u00edcias reais"},"content":{"rendered":"<p>A cobertura midi\u00e1tica atual tem priorizado a exposi\u00e7\u00e3o de conversas particulares de celular em detrimento de acontecimentos de grande relev\u00e2ncia nacional, gerando cr\u00edticas sobre as reais inten\u00e7\u00f5es por tr\u00e1s dessas publica\u00e7\u00f5es.<\/p>\n<h2>Prioridades distorcidas na imprensa<\/h2>\n<p>Enquanto grandes eventos culturais movimentam o pa\u00eds e quest\u00f5es cotidianas ganham destaque nas redes sociais, os ve\u00edculos de comunica\u00e7\u00e3o parecem fascinados por vazamentos de conversas privadas, alimentando um ciclo de especula\u00e7\u00f5es.<\/p>\n<h3>O impacto do foco em fofocas<\/h3>\n<p>Essa insist\u00eancia em pautas superficiais desvia a aten\u00e7\u00e3o p\u00fablica de fatos essenciais, transformando intrigas pessoais em manchetes principais e reduzindo o espa\u00e7o para o jornalismo investigativo e informativo.<\/p>\n<p>Discuss\u00f5es sobre a vida alheia acabam ocupando o tempo que deveria ser dedicado a not\u00edcias de impacto real para a sociedade, levantando debates sobre a \u00e9tica na apura\u00e7\u00e3o de conte\u00fados \u00edntimos.<\/p>\n<p>O cen\u00e1rio jornal\u00edstico atual demonstra uma tend\u00eancia preocupante de priorizar o sensacionalismo digital em vez de coberturas aprofundadas sobre acontecimentos que realmente importam para o p\u00fablico.<\/p>\n<p>Por Reda\u00e7\u00e3o Acontece<\/p>\n<p>Cr\u00e9ditos da imagem: Reprodu\u00e7\u00e3o \/ Redes sociais<\/p>\n","protected":false},"excerpt":{"rendered":"<p>A cobertura midi\u00e1tica atual tem priorizado a exposi\u00e7\u00e3o de conversas particulares de celular em detrimento de acontecimentos de grande relev\u00e2ncia nacional, gerando cr\u00edticas sobre as reais inten\u00e7\u00f5es por tr\u00e1s dessas publica\u00e7\u00f5es. Prioridades distorcidas na imprensa Enquanto grandes eventos culturais movimentam o pa\u00eds e quest\u00f5es cotidianas ganham destaque nas redes sociais, os ve\u00edculos de comunica\u00e7\u00e3o parecem [&hellip;]<\/p>\n","protected":false},"author":0,"featured_media":35686,"comment_status":"open","ping_status":"open","sticky":false,"template":"","format":"standard","meta":{"footnotes":""},"categories":[28],"tags":[],"class_list":["post-35679","post","type-post","status-publish","format-standard","has-post-thumbnail","hentry","category-mundo"],"_links":{"self":[{"href":"https:\/\/acontecenafronteira.com.br\/index.php\/wp-json\/wp\/v2\/posts\/35679","targetHints":{"allow":["GET"]}}],"collection":[{"href":"https:\/\/acontecenafronteira.com.br\/index.php\/wp-json\/wp\/v2\/posts"}],"about":[{"href":"https:\/\/acontecenafronteira.com.br\/index.php\/wp-json\/wp\/v2\/types\/post"}],"replies":[{"embeddable":true,"href":"https:\/\/acontecenafronteira.com.br\/index.php\/wp-json\/wp\/v2\/comments?post=35679"}],"version-history":[{"count":1,"href":"https:\/\/acontecenafronteira.com.br\/index.php\/wp-json\/wp\/v2\/posts\/35679\/revisions"}],"predecessor-version":[{"id":35685,"href":"https:\/\/acontecenafronteira.com.br\/index.php\/wp-json\/wp\/v2\/posts\/35679\/revisions\/35685"}],"wp:featuredmedia":[{"embeddable":true,"href":"https:\/\/acontecenafronteira.com.br\/index.php\/wp-json\/wp\/v2\/media\/35686"}],"wp:attachment":[{"href":"https:\/\/acontecenafronteira.com.br\/index.php\/wp-json\/wp\/v2\/media?parent=35679"}],"wp:term":[{"taxonomy":"category","embeddable":true,"href":"https:\/\/acontecenafronteira.com.br\/index.php\/wp-json\/wp\/v2\/categories?post=35679"},{"taxonomy":"post_tag","embeddable":true,"href":"https:\/\/acontecenafronteira.com.br\/index.php\/wp-json\/wp\/v2\/tags?post=35679"}],"curies":[{"name":"wp","href":"https:\/\/api.w.org\/{rel}","templated":true}]}}