{"id":35678,"date":"2026-09-05T00:35:57","date_gmt":"2026-09-05T03:35:57","guid":{"rendered":"https:\/\/acontecenafronteira.com.br\/?p=35678"},"modified":"2026-09-05T00:35:57","modified_gmt":"2026-09-05T03:35:57","slug":"quem-ama-cuida-ademir-flagra-dora-e-andre-nus","status":"publish","type":"post","link":"https:\/\/acontecenafronteira.com.br\/index.php\/2026\/09\/05\/quem-ama-cuida-ademir-flagra-dora-e-andre-nus\/","title":{"rendered":"Quem ama cuida: Ademir flagra Dora e Andr\u00e9 nus"},"content":{"rendered":"<p>O advogado Ademir, interpretado por Dan Stulbach, vai viver momentos de muita tens\u00e3o nos pr\u00f3ximos cap\u00edtulos da novela Quem ama cuida. Ele descobrir\u00e1 a trai\u00e7\u00e3o de Dora, vivida por Mariana Ximenes, com Andr\u00e9, papel de Henrique Barreira, ap\u00f3s cair em uma arma\u00e7\u00e3o arquitetada por Adriana, personagem de Leticia Colin.<\/p>\n<h2>A arma\u00e7\u00e3o que revela a trai\u00e7\u00e3o<\/h2>\n<p>Tudo come\u00e7a quando Adriana decide intervir na vida do ex-casal e repassa uma liga\u00e7\u00e3o an\u00f4nima para Ademir. \u00c9 por meio dessa dica que o advogado consegue a nova senha da porta do apartamento de Dora, aproveitando o momento em que ela passa a noite com o rapaz.<\/p>\n<p>Ao entrar no im\u00f3vel, o pai de Pedro, vivido por Chay Suede, estranha o sil\u00eancio absoluto no interior da resid\u00eancia. No entanto, a desconfian\u00e7a logo se confirma quando ele avista v\u00e1rias pe\u00e7as de roupas espalhadas pelo ch\u00e3o da sala.<\/p>\n<h2>O flagrante no quarto<\/h2>\n<p>Movido pela indigna\u00e7\u00e3o, o personagem decide avan\u00e7ar pelo corredor e abre a porta do quarto de surpresa, interrompendo a intimidade dos dois.<\/p>\n<p>O impacto da cena \u00e9 imediato. Dora e Andr\u00e9 levam um enorme susto com a invas\u00e3o repentina, enquanto Ademir fica completamente chocado e devastado ao ver a ex-mulher envolvida justamente com o seu pr\u00f3prio sobrinho.<\/p>\n<p>Por Reda\u00e7\u00e3o Acontece<\/p>\n<p>Imagem: Divulga\u00e7\u00e3o\/Rede Globo<\/p>\n","protected":false},"excerpt":{"rendered":"<p>O advogado Ademir, interpretado por Dan Stulbach, vai viver momentos de muita tens\u00e3o nos pr\u00f3ximos cap\u00edtulos da novela Quem ama cuida. Ele descobrir\u00e1 a trai\u00e7\u00e3o de Dora, vivida por Mariana Ximenes, com Andr\u00e9, papel de Henrique Barreira, ap\u00f3s cair em uma arma\u00e7\u00e3o arquitetada por Adriana, personagem de Leticia Colin. A arma\u00e7\u00e3o que revela a trai\u00e7\u00e3o [&hellip;]<\/p>\n","protected":false},"author":0,"featured_media":35684,"comment_status":"open","ping_status":"open","sticky":false,"template":"","format":"standard","meta":{"footnotes":""},"categories":[28],"tags":[],"class_list":["post-35678","post","type-post","status-publish","format-standard","has-post-thumbnail","hentry","category-mundo"],"_links":{"self":[{"href":"https:\/\/acontecenafronteira.com.br\/index.php\/wp-json\/wp\/v2\/posts\/35678","targetHints":{"allow":["GET"]}}],"collection":[{"href":"https:\/\/acontecenafronteira.com.br\/index.php\/wp-json\/wp\/v2\/posts"}],"about":[{"href":"https:\/\/acontecenafronteira.com.br\/index.php\/wp-json\/wp\/v2\/types\/post"}],"replies":[{"embeddable":true,"href":"https:\/\/acontecenafronteira.com.br\/index.php\/wp-json\/wp\/v2\/comments?post=35678"}],"version-history":[{"count":1,"href":"https:\/\/acontecenafronteira.com.br\/index.php\/wp-json\/wp\/v2\/posts\/35678\/revisions"}],"predecessor-version":[{"id":35683,"href":"https:\/\/acontecenafronteira.com.br\/index.php\/wp-json\/wp\/v2\/posts\/35678\/revisions\/35683"}],"wp:featuredmedia":[{"embeddable":true,"href":"https:\/\/acontecenafronteira.com.br\/index.php\/wp-json\/wp\/v2\/media\/35684"}],"wp:attachment":[{"href":"https:\/\/acontecenafronteira.com.br\/index.php\/wp-json\/wp\/v2\/media?parent=35678"}],"wp:term":[{"taxonomy":"category","embeddable":true,"href":"https:\/\/acontecenafronteira.com.br\/index.php\/wp-json\/wp\/v2\/categories?post=35678"},{"taxonomy":"post_tag","embeddable":true,"href":"https:\/\/acontecenafronteira.com.br\/index.php\/wp-json\/wp\/v2\/tags?post=35678"}],"curies":[{"name":"wp","href":"https:\/\/api.w.org\/{rel}","templated":true}]}}