{"id":35667,"date":"2026-09-04T23:36:49","date_gmt":"2026-09-05T02:36:49","guid":{"rendered":"https:\/\/acontecenafronteira.com.br\/?p=35667"},"modified":"2026-09-04T23:36:49","modified_gmt":"2026-09-05T02:36:49","slug":"idosa-e-assaltada-e-jogada-ao-chao-no-rio-de-janeiro","status":"publish","type":"post","link":"https:\/\/acontecenafronteira.com.br\/index.php\/2026\/09\/04\/idosa-e-assaltada-e-jogada-ao-chao-no-rio-de-janeiro\/","title":{"rendered":"Idosa \u00e9 assaltada e jogada ao ch\u00e3o no Rio de Janeiro"},"content":{"rendered":"<p>Uma senhora de 79 anos foi brutalmente assaltada na \u00faltima sexta-feira (4\/9), no bairro do M\u00e9ier, localizado na zona norte do Rio de Janeiro. A viol\u00eancia ocorreu por volta das 12h54, no momento em que a moradora chegava para visitar sua m\u00e3e.<\/p>\n<h2>Como aconteceu a abordagem violenta<\/h2>\n<p>C\u00e2meras de seguran\u00e7a registraram o instante em que o criminoso se aproximou da v\u00edtima e invadiu o pr\u00e9dio logo ap\u00f3s a abertura do port\u00e3o. Sem hesitar, o assaltante jogou a idosa com for\u00e7a contra o solo para arrancar seus cord\u00f5es de ouro.<\/p>\n<p>Antes do ataque, a mulher havia caminhado pelas ruas Dias da Cruz e Maranh\u00e3o. O bandido aproveitou a brecha de entrada no edif\u00edcio para cometer o crime covarde.<\/p>\n<h3>A\u00e7\u00e3o do criminoso e fuga<\/h3>\n<p>Durante a investida, a senhora foi imobilizada pelo pesco\u00e7o enquanto o ladr\u00e3o puxava as joias com extrema viol\u00eancia. Mesmo com os apelos da v\u00edtima, que pedia para ele parar e oferecia os pertences pacificamente, o agressor continuou as agress\u00f5es.<\/p>\n<p>Ap\u00f3s conseguir arrancar os acess\u00f3rios valiosos, o indiv\u00edduo escapou rapidamente. Estudantes que passavam pela regi\u00e3o prestaram os primeiros socorros e relataram a presen\u00e7a de um c\u00famplice nas proximidades. A ocorr\u00eancia foi formalmente registrada na delegacia da regi\u00e3o.<\/p>\n<p>Por Reda\u00e7\u00e3o Acontece<\/p>\n<p>Foto: Reprodu\u00e7\u00e3o \/ Redes Sociais<\/p>\n","protected":false},"excerpt":{"rendered":"<p>Uma senhora de 79 anos foi brutalmente assaltada na \u00faltima sexta-feira (4\/9), no bairro do M\u00e9ier, localizado na zona norte do Rio de Janeiro. A viol\u00eancia ocorreu por volta das 12h54, no momento em que a moradora chegava para visitar sua m\u00e3e. Como aconteceu a abordagem violenta C\u00e2meras de seguran\u00e7a registraram o instante em que [&hellip;]<\/p>\n","protected":false},"author":0,"featured_media":35677,"comment_status":"open","ping_status":"open","sticky":false,"template":"","format":"standard","meta":{"footnotes":""},"categories":[6],"tags":[],"class_list":["post-35667","post","type-post","status-publish","format-standard","has-post-thumbnail","hentry","category-mercosul"],"_links":{"self":[{"href":"https:\/\/acontecenafronteira.com.br\/index.php\/wp-json\/wp\/v2\/posts\/35667","targetHints":{"allow":["GET"]}}],"collection":[{"href":"https:\/\/acontecenafronteira.com.br\/index.php\/wp-json\/wp\/v2\/posts"}],"about":[{"href":"https:\/\/acontecenafronteira.com.br\/index.php\/wp-json\/wp\/v2\/types\/post"}],"replies":[{"embeddable":true,"href":"https:\/\/acontecenafronteira.com.br\/index.php\/wp-json\/wp\/v2\/comments?post=35667"}],"version-history":[{"count":1,"href":"https:\/\/acontecenafronteira.com.br\/index.php\/wp-json\/wp\/v2\/posts\/35667\/revisions"}],"predecessor-version":[{"id":35676,"href":"https:\/\/acontecenafronteira.com.br\/index.php\/wp-json\/wp\/v2\/posts\/35667\/revisions\/35676"}],"wp:featuredmedia":[{"embeddable":true,"href":"https:\/\/acontecenafronteira.com.br\/index.php\/wp-json\/wp\/v2\/media\/35677"}],"wp:attachment":[{"href":"https:\/\/acontecenafronteira.com.br\/index.php\/wp-json\/wp\/v2\/media?parent=35667"}],"wp:term":[{"taxonomy":"category","embeddable":true,"href":"https:\/\/acontecenafronteira.com.br\/index.php\/wp-json\/wp\/v2\/categories?post=35667"},{"taxonomy":"post_tag","embeddable":true,"href":"https:\/\/acontecenafronteira.com.br\/index.php\/wp-json\/wp\/v2\/tags?post=35667"}],"curies":[{"name":"wp","href":"https:\/\/api.w.org\/{rel}","templated":true}]}}