{"id":35666,"date":"2026-09-04T23:36:45","date_gmt":"2026-09-05T02:36:45","guid":{"rendered":"https:\/\/acontecenafronteira.com.br\/?p=35666"},"modified":"2026-09-04T23:36:45","modified_gmt":"2026-09-05T02:36:45","slug":"foz-do-iguacu-debate-impactos-da-politica-nacional-e-eleicoes","status":"publish","type":"post","link":"https:\/\/acontecenafronteira.com.br\/index.php\/2026\/09\/04\/foz-do-iguacu-debate-impactos-da-politica-nacional-e-eleicoes\/","title":{"rendered":"Foz do Igua\u00e7u debate impactos da pol\u00edtica nacional e elei\u00e7\u00f5es"},"content":{"rendered":"<p>O cen\u00e1rio pol\u00edtico nacional continua gerando intensos debates e reflex\u00f5es em diversas regi\u00f5es do pa\u00eds, refletindo diretamente nas discuss\u00f5es locais de cidades como Foz do Igua\u00e7u, onde eleitores acompanham de perto os desdobramentos das disputas pelo poder central.<\/p>\n<h2>A influ\u00eancia das redes sociais nas campanhas<\/h2>\n<p>As discuss\u00f5es em torno da veracidade das informa\u00e7\u00f5es propagadas na internet ganharam destaque nos \u00faltimos dias, com autoridades e lideran\u00e7as pol\u00edticas alertando a popula\u00e7\u00e3o sobre os riscos associados \u00e0 dissemina\u00e7\u00e3o de not\u00edcias falsas durante os per\u00edodos eleitorais.<\/p>\n<p>Para os moradores de Foz do Igua\u00e7u, assim como para o restante dos brasileiros, a habilidade de filtrar conte\u00fados duvidosos tornou-se uma compet\u00eancia fundamental para a participa\u00e7\u00e3o consciente no processo democr\u00e1tico, exigindo maior aten\u00e7\u00e3o de eleitores e candidatos.<\/p>\n<h2>O posicionamento das lideran\u00e7as pol\u00edticas<\/h2>\n<p>Durante recentes atos p\u00fablicos de campanha realizados em diferentes estados, chefes do executivo federal ressaltaram a import\u00e2ncia da soberania nacional e criticaram estrat\u00e9gias de oposi\u00e7\u00e3o baseadas na desinforma\u00e7\u00e3o e em ataques virtuais sistem\u00e1ticos.<\/p>\n<p>Esses posicionamentos ecoam nos debates locais da tr\u00edplice fronteira, mobilizando militantes, simpatizantes e analistas pol\u00edticos a debaterem os rumos da economia, da sa\u00fade p\u00fablica e da gest\u00e3o governamental nos \u00e2mbitos estadual e federal.<\/p>\n<p>Por fim, a expectativa \u00e9 de que o engajamento c\u00edvico continue crescendo nas pr\u00f3ximas semanas, com a intensifica\u00e7\u00e3o dos debates p\u00fablicos e a mobiliza\u00e7\u00e3o da sociedade em prol de escolhas conscientes nas urnas.<\/p>\n<p>Por Reda\u00e7\u00e3o Acontece<\/p>\n<p>Imagem: Arquivo\/Divulga\u00e7\u00e3o<\/p>\n","protected":false},"excerpt":{"rendered":"<p>O cen\u00e1rio pol\u00edtico nacional continua gerando intensos debates e reflex\u00f5es em diversas regi\u00f5es do pa\u00eds, refletindo diretamente nas discuss\u00f5es locais de cidades como Foz do Igua\u00e7u, onde eleitores acompanham de perto os desdobramentos das disputas pelo poder central. A influ\u00eancia das redes sociais nas campanhas As discuss\u00f5es em torno da veracidade das informa\u00e7\u00f5es propagadas na [&hellip;]<\/p>\n","protected":false},"author":0,"featured_media":35675,"comment_status":"open","ping_status":"open","sticky":false,"template":"","format":"standard","meta":{"footnotes":""},"categories":[6],"tags":[],"class_list":["post-35666","post","type-post","status-publish","format-standard","has-post-thumbnail","hentry","category-mercosul"],"_links":{"self":[{"href":"https:\/\/acontecenafronteira.com.br\/index.php\/wp-json\/wp\/v2\/posts\/35666","targetHints":{"allow":["GET"]}}],"collection":[{"href":"https:\/\/acontecenafronteira.com.br\/index.php\/wp-json\/wp\/v2\/posts"}],"about":[{"href":"https:\/\/acontecenafronteira.com.br\/index.php\/wp-json\/wp\/v2\/types\/post"}],"replies":[{"embeddable":true,"href":"https:\/\/acontecenafronteira.com.br\/index.php\/wp-json\/wp\/v2\/comments?post=35666"}],"version-history":[{"count":1,"href":"https:\/\/acontecenafronteira.com.br\/index.php\/wp-json\/wp\/v2\/posts\/35666\/revisions"}],"predecessor-version":[{"id":35674,"href":"https:\/\/acontecenafronteira.com.br\/index.php\/wp-json\/wp\/v2\/posts\/35666\/revisions\/35674"}],"wp:featuredmedia":[{"embeddable":true,"href":"https:\/\/acontecenafronteira.com.br\/index.php\/wp-json\/wp\/v2\/media\/35675"}],"wp:attachment":[{"href":"https:\/\/acontecenafronteira.com.br\/index.php\/wp-json\/wp\/v2\/media?parent=35666"}],"wp:term":[{"taxonomy":"category","embeddable":true,"href":"https:\/\/acontecenafronteira.com.br\/index.php\/wp-json\/wp\/v2\/categories?post=35666"},{"taxonomy":"post_tag","embeddable":true,"href":"https:\/\/acontecenafronteira.com.br\/index.php\/wp-json\/wp\/v2\/tags?post=35666"}],"curies":[{"name":"wp","href":"https:\/\/api.w.org\/{rel}","templated":true}]}}