{"id":35665,"date":"2026-09-04T23:36:40","date_gmt":"2026-09-05T02:36:40","guid":{"rendered":"https:\/\/acontecenafronteira.com.br\/?p=35665"},"modified":"2026-09-04T23:36:40","modified_gmt":"2026-09-05T02:36:40","slug":"justica-condena-sobrinho-por-abusar-e-roubar-tia-idosa-no-pr","status":"publish","type":"post","link":"https:\/\/acontecenafronteira.com.br\/index.php\/2026\/09\/04\/justica-condena-sobrinho-por-abusar-e-roubar-tia-idosa-no-pr\/","title":{"rendered":"Justi\u00e7a condena sobrinho por abusar e roubar tia idosa no PR"},"content":{"rendered":"<p>A Justi\u00e7a determinou a manuten\u00e7\u00e3o da condena\u00e7\u00e3o de um homem que agrediu fisicamente, maltratou e roubou o dinheiro da pr\u00f3pria tia, uma idosa de 87 anos. O r\u00e9u tamb\u00e9m foi obrigado a pagar uma indeniza\u00e7\u00e3o de R$ 10 mil por danos morais \u00e0 v\u00edtima, em um caso que chocou a comunidade regional.<\/p>\n<h2>O horror vivido dentro de casa<\/h2>\n<p>\nConforme o processo judicial, o agressor morava na mesma resid\u00eancia que a v\u00edtima e exercia sobre ela forte controle psicol\u00f3gico. Mesmo recebendo aposentadoria e pens\u00e3o mensal, a idosa sofria com a escassez de recursos b\u00e1sicos, vivia em situa\u00e7\u00e3o de extrema degrada\u00e7\u00e3o e foi obrigada a pedir esmolas nas ruas da cidade para sustentar o v\u00edcio do sobrinho, que era dependente qu\u00edmico e desempregado.<\/p>\n<h2>A atua\u00e7\u00e3o dos \u00f3rg\u00e3os de prote\u00e7\u00e3o<\/h2>\n<p>\nA situa\u00e7\u00e3o de vulnerabilidade s\u00f3 chegou ao fim ap\u00f3s uma a\u00e7\u00e3o urgente do Centro de Refer\u00eancia Especializado de Assist\u00eancia Social (Creas). Ap\u00f3s o resgate, a mulher foi acolhida por outros parentes em uma cidade vizinha, onde conseguiu recuperar o peso ideal, curar as feridas e retomar a dignidade longe do ambiente de viol\u00eancia.<\/p>\n<h2>Condena\u00e7\u00e3o baseada no Estatuto da Pessoa Idosa<\/h2>\n<p>\nO Minist\u00e9rio P\u00fablico denunciou o homem com base nas diretrizes do Estatuto da Pessoa Idosa, destacando que ele se aproveitou da fragilidade da v\u00edtima e da rela\u00e7\u00e3o familiar para cometer os crimes de abandono, exposi\u00e7\u00e3o a perigo e apropria\u00e7\u00e3o ind\u00e9bida de proventos. A defesa tentou alegar inoc\u00eancia e falta de provas, sustentando que a idosa tinha lucidez e ajudava o parente por livre e espont\u00e2nea vontade.<\/p>\n<h2>Decis\u00e3o final do Tribunal<\/h2>\n<p>\nO relator do recurso destacou que laudos t\u00e9cnicos, relat\u00f3rios do Creas e depoimentos comprovaram o cen\u00e1rio de agress\u00f5es recorrentes e desnutri\u00e7\u00e3o. Os desembargadores apontaram que a suposta anu\u00eancia da v\u00edtima era, na verdade, resultado de manipula\u00e7\u00e3o psicol\u00f3gica e submiss\u00e3o emocional, reafirmando a culpa do r\u00e9u.<\/p>\n<p>Por Reda\u00e7\u00e3o Acontece Cr\u00e9ditos da imagem: Reprodu\u00e7\u00e3o \/ Ilustrativa<\/p>\n","protected":false},"excerpt":{"rendered":"<p>A Justi\u00e7a determinou a manuten\u00e7\u00e3o da condena\u00e7\u00e3o de um homem que agrediu fisicamente, maltratou e roubou o dinheiro da pr\u00f3pria tia, uma idosa de 87 anos. O r\u00e9u tamb\u00e9m foi obrigado a pagar uma indeniza\u00e7\u00e3o de R$ 10 mil por danos morais \u00e0 v\u00edtima, em um caso que chocou a comunidade regional. O horror vivido [&hellip;]<\/p>\n","protected":false},"author":0,"featured_media":35673,"comment_status":"open","ping_status":"open","sticky":false,"template":"","format":"standard","meta":{"footnotes":""},"categories":[6],"tags":[],"class_list":["post-35665","post","type-post","status-publish","format-standard","has-post-thumbnail","hentry","category-mercosul"],"_links":{"self":[{"href":"https:\/\/acontecenafronteira.com.br\/index.php\/wp-json\/wp\/v2\/posts\/35665","targetHints":{"allow":["GET"]}}],"collection":[{"href":"https:\/\/acontecenafronteira.com.br\/index.php\/wp-json\/wp\/v2\/posts"}],"about":[{"href":"https:\/\/acontecenafronteira.com.br\/index.php\/wp-json\/wp\/v2\/types\/post"}],"replies":[{"embeddable":true,"href":"https:\/\/acontecenafronteira.com.br\/index.php\/wp-json\/wp\/v2\/comments?post=35665"}],"version-history":[{"count":1,"href":"https:\/\/acontecenafronteira.com.br\/index.php\/wp-json\/wp\/v2\/posts\/35665\/revisions"}],"predecessor-version":[{"id":35672,"href":"https:\/\/acontecenafronteira.com.br\/index.php\/wp-json\/wp\/v2\/posts\/35665\/revisions\/35672"}],"wp:featuredmedia":[{"embeddable":true,"href":"https:\/\/acontecenafronteira.com.br\/index.php\/wp-json\/wp\/v2\/media\/35673"}],"wp:attachment":[{"href":"https:\/\/acontecenafronteira.com.br\/index.php\/wp-json\/wp\/v2\/media?parent=35665"}],"wp:term":[{"taxonomy":"category","embeddable":true,"href":"https:\/\/acontecenafronteira.com.br\/index.php\/wp-json\/wp\/v2\/categories?post=35665"},{"taxonomy":"post_tag","embeddable":true,"href":"https:\/\/acontecenafronteira.com.br\/index.php\/wp-json\/wp\/v2\/tags?post=35665"}],"curies":[{"name":"wp","href":"https:\/\/api.w.org\/{rel}","templated":true}]}}