{"id":35664,"date":"2026-09-04T23:36:35","date_gmt":"2026-09-05T02:36:35","guid":{"rendered":"https:\/\/acontecenafronteira.com.br\/?p=35664"},"modified":"2026-09-04T23:36:35","modified_gmt":"2026-09-05T02:36:35","slug":"mulher-e-condenada-a-20-anos-de-prisao-por-homicidio-no-pr","status":"publish","type":"post","link":"https:\/\/acontecenafronteira.com.br\/index.php\/2026\/09\/04\/mulher-e-condenada-a-20-anos-de-prisao-por-homicidio-no-pr\/","title":{"rendered":"Mulher \u00e9 condenada a 20 anos de pris\u00e3o por homic\u00eddio no PR"},"content":{"rendered":"<p>Uma decis\u00e3o recente do Tribunal do J\u00fari resultou na condena\u00e7\u00e3o de Ana Fl\u00e1via Santos de Castro a 20 anos, 3 meses e 22 dias de reclus\u00e3o em <strong>regime fechado<\/strong>. A r\u00e9 foi considerada culpada pelo assassinato brutal de um homem atrav\u00e9s de espancamento.<\/p>\n<h2>Din\u00e2mica do crime e investiga\u00e7\u00e3o<\/h2>\n<p>O homic\u00eddio teve como v\u00edtima Paulo In\u00e1cio da Rocha, atacado violentamente durante a noite em plena via p\u00fablica. Conforme apontado pelo Minist\u00e9rio P\u00fablico, a agress\u00e3o ocorreu de forma cruel e na presen\u00e7a de testemunhas que passavam pelo local, sendo a acusada denunciada por homic\u00eddio qualificado.<\/p>\n<p>Ap\u00f3s cometer a viol\u00eancia, a agressora fugiu imediatamente. Mesmo severamente machucado, a v\u00edtima conseguiu retornar \u00e0 sua resid\u00eancia com o aux\u00edlio de um conhecido e recolheu-se ao quarto, onde veio a falecer durante a madrugada, sendo encontrado sem vida pelos familiares no dia seguinte.<\/p>\n<h2>Puni\u00e7\u00e3o e andamento judicial<\/h2>\n<p>Mantida custodiada ao longo de todo o tr\u00e2mite processual, a condenada teve o direito de apelar em liberdade negado pela Justi\u00e7a, devendo cumprir a pena integralmente na modalidade fechada.<\/p>\n<p>O caso chocou a comunidade local pela brutalidade com que o crime foi executado em via p\u00fablica e teve desfecho com a senten\u00e7a condenat\u00f3ria exemplar emitida nesta quarta-feira.<\/p>\n<p>Por Reda\u00e7\u00e3o Acontece<\/p>\n<p>Foto: Reprodu\u00e7\u00e3o\/Ilustrativa<\/p>\n","protected":false},"excerpt":{"rendered":"<p>Uma decis\u00e3o recente do Tribunal do J\u00fari resultou na condena\u00e7\u00e3o de Ana Fl\u00e1via Santos de Castro a 20 anos, 3 meses e 22 dias de reclus\u00e3o em regime fechado. A r\u00e9 foi considerada culpada pelo assassinato brutal de um homem atrav\u00e9s de espancamento. Din\u00e2mica do crime e investiga\u00e7\u00e3o O homic\u00eddio teve como v\u00edtima Paulo In\u00e1cio [&hellip;]<\/p>\n","protected":false},"author":0,"featured_media":35671,"comment_status":"open","ping_status":"open","sticky":false,"template":"","format":"standard","meta":{"footnotes":""},"categories":[6],"tags":[],"class_list":["post-35664","post","type-post","status-publish","format-standard","has-post-thumbnail","hentry","category-mercosul"],"_links":{"self":[{"href":"https:\/\/acontecenafronteira.com.br\/index.php\/wp-json\/wp\/v2\/posts\/35664","targetHints":{"allow":["GET"]}}],"collection":[{"href":"https:\/\/acontecenafronteira.com.br\/index.php\/wp-json\/wp\/v2\/posts"}],"about":[{"href":"https:\/\/acontecenafronteira.com.br\/index.php\/wp-json\/wp\/v2\/types\/post"}],"replies":[{"embeddable":true,"href":"https:\/\/acontecenafronteira.com.br\/index.php\/wp-json\/wp\/v2\/comments?post=35664"}],"version-history":[{"count":1,"href":"https:\/\/acontecenafronteira.com.br\/index.php\/wp-json\/wp\/v2\/posts\/35664\/revisions"}],"predecessor-version":[{"id":35670,"href":"https:\/\/acontecenafronteira.com.br\/index.php\/wp-json\/wp\/v2\/posts\/35664\/revisions\/35670"}],"wp:featuredmedia":[{"embeddable":true,"href":"https:\/\/acontecenafronteira.com.br\/index.php\/wp-json\/wp\/v2\/media\/35671"}],"wp:attachment":[{"href":"https:\/\/acontecenafronteira.com.br\/index.php\/wp-json\/wp\/v2\/media?parent=35664"}],"wp:term":[{"taxonomy":"category","embeddable":true,"href":"https:\/\/acontecenafronteira.com.br\/index.php\/wp-json\/wp\/v2\/categories?post=35664"},{"taxonomy":"post_tag","embeddable":true,"href":"https:\/\/acontecenafronteira.com.br\/index.php\/wp-json\/wp\/v2\/tags?post=35664"}],"curies":[{"name":"wp","href":"https:\/\/api.w.org\/{rel}","templated":true}]}}