{"id":35663,"date":"2026-09-04T23:36:31","date_gmt":"2026-09-05T02:36:31","guid":{"rendered":"https:\/\/acontecenafronteira.com.br\/?p=35663"},"modified":"2026-09-04T23:36:31","modified_gmt":"2026-09-05T02:36:31","slug":"agu-se-manifesta-sobre-pedidos-da-pf-em-investigacoes-do-stf","status":"publish","type":"post","link":"https:\/\/acontecenafronteira.com.br\/index.php\/2026\/09\/04\/agu-se-manifesta-sobre-pedidos-da-pf-em-investigacoes-do-stf\/","title":{"rendered":"AGU se manifesta sobre pedidos da PF em investiga\u00e7\u00f5es do STF"},"content":{"rendered":"<p>A Advocacia-Geral da Uni\u00e3o declarou nesta sexta-feira que n\u00e3o possu\u00eda atribui\u00e7\u00e3o legal ou constitucional para atender aos requerimentos da Pol\u00edcia Federal referentes \u00e0s opera\u00e7\u00f5es Compliance Zero e Sem Desconto. Os casos investigam fraudes em descontos associativos do INSS e irregularidades ligadas ao Banco Master, tendo como relator no Supremo Tribunal Federal o ministro Andr\u00e9 Mendon\u00e7a.<\/p>\n<h2>Posicionamento oficial e reuni\u00f5es<\/h2>\n<p>A manifesta\u00e7\u00e3o do \u00f3rg\u00e3o federal veio a p\u00fablico ap\u00f3s a corpora\u00e7\u00e3o policial apontar, por meio de um relat\u00f3rio de intelig\u00eancia, que a institui\u00e7\u00e3o teria deixado de adotar provid\u00eancias solicitadas contra decis\u00f5es proferidas pelo magistrado.<\/p>\n<p>Em nota oficial divulgada pela assessoria de comunica\u00e7\u00e3o, o \u00f3rg\u00e3o classificou a atua\u00e7\u00e3o cobrada pelos investigadores como uma interven\u00e7\u00e3o processual in\u00e9dita na hist\u00f3ria da institui\u00e7\u00e3o. A nota ressalta que o advogado-geral da Uni\u00e3o, Jorge Messias, participou de diversos encontros nos meses de julho e agosto com representantes da pr\u00f3pria ag\u00eancia jur\u00eddica, do Minist\u00e9rio da Justi\u00e7a e da Pol\u00edcia Federal para buscar alternativas legais.<\/p>\n<h2>An\u00e1lise t\u00e9cnica e di\u00e1logo institucional<\/h2>\n<p>O chefe da advocacia federal tamb\u00e9m buscou contato direto com o relator e com a presid\u00eancia da Suprema Corte com o objetivo de fomentar o di\u00e1logo e evitar o agravamento de um cen\u00e1rio institucional delicado.<\/p>\n<p>Segundo o \u00f3rg\u00e3o, a recusa em cumprir os pedidos da corpora\u00e7\u00e3o policial baseou-se em uma avalia\u00e7\u00e3o estritamente t\u00e9cnica realizada por profissionais da \u00e1rea, que consideraram as decis\u00f5es do relator como sendo de natureza procedimental.<\/p>\n<h2>Preserva\u00e7\u00e3o do interesse p\u00fablico<\/h2>\n<p>Como miss\u00e3o principal a defesa da Uni\u00e3o e a salvaguarda do interesse p\u00fablico, o \u00f3rg\u00e3o entendeu que uma interfer\u00eancia nos moldes exigidos poderia acarretar severos riscos jur\u00eddicos para as apura\u00e7\u00f5es em andamento na Suprema Corte.<\/p>\n<p>A crise institucional envolve ainda um desgaste entre os ministros Alexandre de Moraes e Andr\u00e9 Mendon\u00e7a, com o envio recente de documentos para a presid\u00eancia da Corte que questionam a atua\u00e7\u00e3o do relator nos processos investigativos.<\/p>\n<p>Por Reda\u00e7\u00e3o Acontece<\/p>\n<p>Foto: Divulga\u00e7\u00e3o\/AGU<\/p>\n","protected":false},"excerpt":{"rendered":"<p>A Advocacia-Geral da Uni\u00e3o declarou nesta sexta-feira que n\u00e3o possu\u00eda atribui\u00e7\u00e3o legal ou constitucional para atender aos requerimentos da Pol\u00edcia Federal referentes \u00e0s opera\u00e7\u00f5es Compliance Zero e Sem Desconto. Os casos investigam fraudes em descontos associativos do INSS e irregularidades ligadas ao Banco Master, tendo como relator no Supremo Tribunal Federal o ministro Andr\u00e9 Mendon\u00e7a. [&hellip;]<\/p>\n","protected":false},"author":0,"featured_media":35669,"comment_status":"open","ping_status":"open","sticky":false,"template":"","format":"standard","meta":{"footnotes":""},"categories":[6],"tags":[],"class_list":["post-35663","post","type-post","status-publish","format-standard","has-post-thumbnail","hentry","category-mercosul"],"_links":{"self":[{"href":"https:\/\/acontecenafronteira.com.br\/index.php\/wp-json\/wp\/v2\/posts\/35663","targetHints":{"allow":["GET"]}}],"collection":[{"href":"https:\/\/acontecenafronteira.com.br\/index.php\/wp-json\/wp\/v2\/posts"}],"about":[{"href":"https:\/\/acontecenafronteira.com.br\/index.php\/wp-json\/wp\/v2\/types\/post"}],"replies":[{"embeddable":true,"href":"https:\/\/acontecenafronteira.com.br\/index.php\/wp-json\/wp\/v2\/comments?post=35663"}],"version-history":[{"count":1,"href":"https:\/\/acontecenafronteira.com.br\/index.php\/wp-json\/wp\/v2\/posts\/35663\/revisions"}],"predecessor-version":[{"id":35668,"href":"https:\/\/acontecenafronteira.com.br\/index.php\/wp-json\/wp\/v2\/posts\/35663\/revisions\/35668"}],"wp:featuredmedia":[{"embeddable":true,"href":"https:\/\/acontecenafronteira.com.br\/index.php\/wp-json\/wp\/v2\/media\/35669"}],"wp:attachment":[{"href":"https:\/\/acontecenafronteira.com.br\/index.php\/wp-json\/wp\/v2\/media?parent=35663"}],"wp:term":[{"taxonomy":"category","embeddable":true,"href":"https:\/\/acontecenafronteira.com.br\/index.php\/wp-json\/wp\/v2\/categories?post=35663"},{"taxonomy":"post_tag","embeddable":true,"href":"https:\/\/acontecenafronteira.com.br\/index.php\/wp-json\/wp\/v2\/tags?post=35663"}],"curies":[{"name":"wp","href":"https:\/\/api.w.org\/{rel}","templated":true}]}}