{"id":35652,"date":"2026-09-04T23:36:25","date_gmt":"2026-09-05T02:36:25","guid":{"rendered":"https:\/\/acontecenafronteira.com.br\/?p=35652"},"modified":"2026-09-04T23:36:25","modified_gmt":"2026-09-05T02:36:25","slug":"foz-do-iguacu-recebe-evento-cultural-com-foco-em-musica-e-arte","status":"publish","type":"post","link":"https:\/\/acontecenafronteira.com.br\/index.php\/2026\/09\/04\/foz-do-iguacu-recebe-evento-cultural-com-foco-em-musica-e-arte\/","title":{"rendered":"Foz do Igua\u00e7u recebe evento cultural com foco em m\u00fasica e arte"},"content":{"rendered":"<p>A cidade de Foz do Igua\u00e7u se prepara para sediar um grande encontro cultural voltado \u00e0 valoriza\u00e7\u00e3o da m\u00fasica independente e das artes visuais, movimentando o cen\u00e1rio art\u00edstico do estado do Paran\u00e1.<\/p>\n<h2>Atra\u00e7\u00f5es musicais de destaque<\/h2>\n<p>O evento contar\u00e1 com apresenta\u00e7\u00f5es de bandas locais e regionais, oferecendo ao p\u00fablico uma experi\u00eancia sonora diversificada que passa pelo rock alternativo e pela MPB.<\/p>\n<h3>Espa\u00e7os dedicados aos artistas locais<\/h3>\n<p>Al\u00e9m dos shows principais, a programa\u00e7\u00e3o abrir\u00e1 espa\u00e7o para exposi\u00e7\u00f5es de artistas paranaenses, promovendo o interc\u00e2mbio cultural e o fortalecimento da economia criativa na tr\u00edplice fronteira.<\/p>\n<p>A organiza\u00e7\u00e3o espera receber milhares de visitantes durante os dias de programa\u00e7\u00e3o, consolidando Foz do Igua\u00e7u como um polo estrat\u00e9gico para grandes eventos no Paran\u00e1.<\/p>\n<p>Os ingressos e o cronograma completo com hor\u00e1rios das apresenta\u00e7\u00f5es j\u00e1 est\u00e3o dispon\u00edveis nos canais oficiais da prefeitura e dos organizadores locais.<\/p>\n<p>Por Reda\u00e7\u00e3o Acontece<\/p>\n<p>Imagem: Divula\u00e7\u00e3o\/Prefeitura de Foz do Igua\u00e7u<\/p>\n","protected":false},"excerpt":{"rendered":"<p>A cidade de Foz do Igua\u00e7u se prepara para sediar um grande encontro cultural voltado \u00e0 valoriza\u00e7\u00e3o da m\u00fasica independente e das artes visuais, movimentando o cen\u00e1rio art\u00edstico do estado do Paran\u00e1. Atra\u00e7\u00f5es musicais de destaque O evento contar\u00e1 com apresenta\u00e7\u00f5es de bandas locais e regionais, oferecendo ao p\u00fablico uma experi\u00eancia sonora diversificada que passa [&hellip;]<\/p>\n","protected":false},"author":0,"featured_media":35662,"comment_status":"open","ping_status":"open","sticky":false,"template":"","format":"standard","meta":{"footnotes":""},"categories":[28],"tags":[],"class_list":["post-35652","post","type-post","status-publish","format-standard","has-post-thumbnail","hentry","category-mundo"],"_links":{"self":[{"href":"https:\/\/acontecenafronteira.com.br\/index.php\/wp-json\/wp\/v2\/posts\/35652","targetHints":{"allow":["GET"]}}],"collection":[{"href":"https:\/\/acontecenafronteira.com.br\/index.php\/wp-json\/wp\/v2\/posts"}],"about":[{"href":"https:\/\/acontecenafronteira.com.br\/index.php\/wp-json\/wp\/v2\/types\/post"}],"replies":[{"embeddable":true,"href":"https:\/\/acontecenafronteira.com.br\/index.php\/wp-json\/wp\/v2\/comments?post=35652"}],"version-history":[{"count":1,"href":"https:\/\/acontecenafronteira.com.br\/index.php\/wp-json\/wp\/v2\/posts\/35652\/revisions"}],"predecessor-version":[{"id":35661,"href":"https:\/\/acontecenafronteira.com.br\/index.php\/wp-json\/wp\/v2\/posts\/35652\/revisions\/35661"}],"wp:featuredmedia":[{"embeddable":true,"href":"https:\/\/acontecenafronteira.com.br\/index.php\/wp-json\/wp\/v2\/media\/35662"}],"wp:attachment":[{"href":"https:\/\/acontecenafronteira.com.br\/index.php\/wp-json\/wp\/v2\/media?parent=35652"}],"wp:term":[{"taxonomy":"category","embeddable":true,"href":"https:\/\/acontecenafronteira.com.br\/index.php\/wp-json\/wp\/v2\/categories?post=35652"},{"taxonomy":"post_tag","embeddable":true,"href":"https:\/\/acontecenafronteira.com.br\/index.php\/wp-json\/wp\/v2\/tags?post=35652"}],"curies":[{"name":"wp","href":"https:\/\/api.w.org\/{rel}","templated":true}]}}