{"id":35651,"date":"2026-09-04T23:36:20","date_gmt":"2026-09-05T02:36:20","guid":{"rendered":"https:\/\/acontecenafronteira.com.br\/?p=35651"},"modified":"2026-09-04T23:36:20","modified_gmt":"2026-09-05T02:36:20","slug":"rock-in-rio-2026-criticas-do-primeiro-dia-do-festival","status":"publish","type":"post","link":"https:\/\/acontecenafronteira.com.br\/index.php\/2026\/09\/04\/rock-in-rio-2026-criticas-do-primeiro-dia-do-festival\/","title":{"rendered":"Rock in Rio 2026: Cr\u00edticas do primeiro dia do festival"},"content":{"rendered":"<p>A abertura do Rock in Rio 2026 nesta sexta-feira (4) foi marcada por diferentes vertentes do rock, trazendo grandes atra\u00e7\u00f5es aos palcos principais e agitando o p\u00fablico com muita energia e cl\u00e1ssicos repaginados.<\/p>\n<h2>Destaques do Palco Sunset<\/h2>\n<p>Di Ferrero foi um dos primeiros a subir ao Palco Sunset, vestindo totalmente de preto sob o sol forte e apostando em uma sonoridade en\u00e9rgica para revisitar os sucessos da \u00e9poca do NX Zero, al\u00e9m de surpreender com um cover do Nirvana.<\/p>\n<p>No mesmo palco, a banda Detonautas se uniu ao Biquini para unir gera\u00e7\u00f5es em uma apresenta\u00e7\u00e3o que come\u00e7ou t\u00edmida com faixas recentes, mas ganhou for\u00e7a logo na terceira m\u00fasica do repert\u00f3rio, embalando os f\u00e3s com hits consagrados. J\u00e1 o grupo Hot Milk conquistou a plateia com a atitude marcante da vocalista Hannah Mee, que n\u00e3o hesitou em interagir intensamente com o p\u00fablico.<\/p>\n<h2>Agita\u00e7\u00e3o no Palco Mundo<\/h2>\n<p>A dupla brit\u00e2nica Nova Twins foi a respons\u00e1vel por abrir as atividades do Palco Mundo, trazendo um verdadeiro pandem\u00f4nio sonoro guiado por graves marcantes e uma mistura en\u00e9rgica de rap e atitude roqueira.<\/p>\n<p>Outro destaque internacional foi a performance eletrizante do The Hives, que esbanjou bom humor arriscando palavras em portugu\u00eas e muita energia com seus tradicionais terninhos. O encerramento da noite principal ficou por conta da banda Foo Fighters, que comandou a festa no palco principal, enquanto o Rise Against tamb\u00e9m empolgou a multid\u00e3o com refr\u00f5es marcantes e guitarras potentes.<\/p>\n<p>Para quem deseja acompanhar todos os detalhes do evento, a programa\u00e7\u00e3o conta com transmiss\u00f5es ao vivo pelos canais Multishow e Canal Bis, al\u00e9m do sinal aberto na plataforma Globoplay para curtir as apresenta\u00e7\u00f5es de todos os palcos.<\/p>\n<p>Por Reda\u00e7\u00e3o Acontece<\/p>\n<p>Fabiano Rocha \/ O Globo<\/p>\n","protected":false},"excerpt":{"rendered":"<p>A abertura do Rock in Rio 2026 nesta sexta-feira (4) foi marcada por diferentes vertentes do rock, trazendo grandes atra\u00e7\u00f5es aos palcos principais e agitando o p\u00fablico com muita energia e cl\u00e1ssicos repaginados. Destaques do Palco Sunset Di Ferrero foi um dos primeiros a subir ao Palco Sunset, vestindo totalmente de preto sob o sol [&hellip;]<\/p>\n","protected":false},"author":0,"featured_media":35660,"comment_status":"open","ping_status":"open","sticky":false,"template":"","format":"standard","meta":{"footnotes":""},"categories":[28],"tags":[],"class_list":["post-35651","post","type-post","status-publish","format-standard","has-post-thumbnail","hentry","category-mundo"],"_links":{"self":[{"href":"https:\/\/acontecenafronteira.com.br\/index.php\/wp-json\/wp\/v2\/posts\/35651","targetHints":{"allow":["GET"]}}],"collection":[{"href":"https:\/\/acontecenafronteira.com.br\/index.php\/wp-json\/wp\/v2\/posts"}],"about":[{"href":"https:\/\/acontecenafronteira.com.br\/index.php\/wp-json\/wp\/v2\/types\/post"}],"replies":[{"embeddable":true,"href":"https:\/\/acontecenafronteira.com.br\/index.php\/wp-json\/wp\/v2\/comments?post=35651"}],"version-history":[{"count":1,"href":"https:\/\/acontecenafronteira.com.br\/index.php\/wp-json\/wp\/v2\/posts\/35651\/revisions"}],"predecessor-version":[{"id":35659,"href":"https:\/\/acontecenafronteira.com.br\/index.php\/wp-json\/wp\/v2\/posts\/35651\/revisions\/35659"}],"wp:featuredmedia":[{"embeddable":true,"href":"https:\/\/acontecenafronteira.com.br\/index.php\/wp-json\/wp\/v2\/media\/35660"}],"wp:attachment":[{"href":"https:\/\/acontecenafronteira.com.br\/index.php\/wp-json\/wp\/v2\/media?parent=35651"}],"wp:term":[{"taxonomy":"category","embeddable":true,"href":"https:\/\/acontecenafronteira.com.br\/index.php\/wp-json\/wp\/v2\/categories?post=35651"},{"taxonomy":"post_tag","embeddable":true,"href":"https:\/\/acontecenafronteira.com.br\/index.php\/wp-json\/wp\/v2\/tags?post=35651"}],"curies":[{"name":"wp","href":"https:\/\/api.w.org\/{rel}","templated":true}]}}