{"id":35649,"date":"2026-09-04T23:36:09","date_gmt":"2026-09-05T02:36:09","guid":{"rendered":"https:\/\/acontecenafronteira.com.br\/?p=35649"},"modified":"2026-09-04T23:36:09","modified_gmt":"2026-09-05T02:36:09","slug":"vocalista-do-biquini-vai-de-metro-para-show-no-rock-in-rio","status":"publish","type":"post","link":"https:\/\/acontecenafronteira.com.br\/index.php\/2026\/09\/04\/vocalista-do-biquini-vai-de-metro-para-show-no-rock-in-rio\/","title":{"rendered":"Vocalista do Biqu\u00edni vai de metr\u00f4 para show no Rock in Rio"},"content":{"rendered":"<p>O vocalista da banda Biqu\u00edni (antigo Biqu\u00edni Cavad\u00e3o), Bruno Gouveia, surpreendeu o p\u00fablico ao chegar \u00e0 Cidade do Rock, localizada na Zona Sudoeste do Rio de Janeiro, utilizando o transporte p\u00fablico. Longe de qualquer ostenta\u00e7\u00e3o, o m\u00fasico optou por ir de metr\u00f4 e registrou o momento exato em meio aos f\u00e3s, compartilhando a experi\u00eancia em suas redes sociais antes do festival.<\/p>\n<h2>A chegada \u00e0 Cidade do Rock<\/h2>\n<p>A viagem de metr\u00f4 integrou a prepara\u00e7\u00e3o do artista para um dos dias mais intensos do evento, marcado por forte calor, figurinos escuros e muito rock and roll. Mesmo com a rotina de estrela da m\u00fasica, Gouveia demonstrou simplicidade ao transitar junto ao p\u00fablico geral que se direcionava para os port\u00f5es da Cidade do Rock.<\/p>\n<h2>Encontro no Palco Sunset<\/h2>\n<p>Logo ap\u00f3s desembarcar do transporte p\u00fablico e chegar ao festival, o cantor subiu ao Palco Sunset para uma aguardada apresenta\u00e7\u00e3o conjunta com a banda Detonautas. O show misturou cl\u00e1ssicos e novidades, atraindo a aten\u00e7\u00e3o da cr\u00edtica especializada presente no evento carioca.<\/p>\n<p>A performance ao vivo teve um in\u00edcio considerado t\u00edmido pelo p\u00fablico, que ainda conhecia a faixa recente &#8220;Potinho de veneno&#8221;. No entanto, o ritmo do espet\u00e1culo mudou drasticamente logo na terceira m\u00fasica do repert\u00f3rio, quando a banda executou &#8220;Quando o sol se for&#8221;, considerada a faixa de maior sucesso do grupo carioca e respons\u00e1vel por levantar a plateia.<\/p>\n<p>Por Reda\u00e7\u00e3o Acontece<\/p>\n<p>Cr\u00e9ditos da imagem: Reprodu\u00e7\u00e3o \/ Redes Sociais<\/p>\n","protected":false},"excerpt":{"rendered":"<p>O vocalista da banda Biqu\u00edni (antigo Biqu\u00edni Cavad\u00e3o), Bruno Gouveia, surpreendeu o p\u00fablico ao chegar \u00e0 Cidade do Rock, localizada na Zona Sudoeste do Rio de Janeiro, utilizando o transporte p\u00fablico. Longe de qualquer ostenta\u00e7\u00e3o, o m\u00fasico optou por ir de metr\u00f4 e registrou o momento exato em meio aos f\u00e3s, compartilhando a experi\u00eancia em [&hellip;]<\/p>\n","protected":false},"author":0,"featured_media":35656,"comment_status":"open","ping_status":"open","sticky":false,"template":"","format":"standard","meta":{"footnotes":""},"categories":[28],"tags":[],"class_list":["post-35649","post","type-post","status-publish","format-standard","has-post-thumbnail","hentry","category-mundo"],"_links":{"self":[{"href":"https:\/\/acontecenafronteira.com.br\/index.php\/wp-json\/wp\/v2\/posts\/35649","targetHints":{"allow":["GET"]}}],"collection":[{"href":"https:\/\/acontecenafronteira.com.br\/index.php\/wp-json\/wp\/v2\/posts"}],"about":[{"href":"https:\/\/acontecenafronteira.com.br\/index.php\/wp-json\/wp\/v2\/types\/post"}],"replies":[{"embeddable":true,"href":"https:\/\/acontecenafronteira.com.br\/index.php\/wp-json\/wp\/v2\/comments?post=35649"}],"version-history":[{"count":1,"href":"https:\/\/acontecenafronteira.com.br\/index.php\/wp-json\/wp\/v2\/posts\/35649\/revisions"}],"predecessor-version":[{"id":35655,"href":"https:\/\/acontecenafronteira.com.br\/index.php\/wp-json\/wp\/v2\/posts\/35649\/revisions\/35655"}],"wp:featuredmedia":[{"embeddable":true,"href":"https:\/\/acontecenafronteira.com.br\/index.php\/wp-json\/wp\/v2\/media\/35656"}],"wp:attachment":[{"href":"https:\/\/acontecenafronteira.com.br\/index.php\/wp-json\/wp\/v2\/media?parent=35649"}],"wp:term":[{"taxonomy":"category","embeddable":true,"href":"https:\/\/acontecenafronteira.com.br\/index.php\/wp-json\/wp\/v2\/categories?post=35649"},{"taxonomy":"post_tag","embeddable":true,"href":"https:\/\/acontecenafronteira.com.br\/index.php\/wp-json\/wp\/v2\/tags?post=35649"}],"curies":[{"name":"wp","href":"https:\/\/api.w.org\/{rel}","templated":true}]}}