{"id":35648,"date":"2026-09-04T23:36:03","date_gmt":"2026-09-05T02:36:03","guid":{"rendered":"https:\/\/acontecenafronteira.com.br\/?p=35648"},"modified":"2026-09-04T23:36:03","modified_gmt":"2026-09-05T02:36:03","slug":"festival-foz-in-rio-2026-abertura-agita-o-parana","status":"publish","type":"post","link":"https:\/\/acontecenafronteira.com.br\/index.php\/2026\/09\/04\/festival-foz-in-rio-2026-abertura-agita-o-parana\/","title":{"rendered":"Festival Foz in Rio 2026: Abertura agita o Paran\u00e1"},"content":{"rendered":"<p>A abertura do festival <strong>Foz in Rio 2026<\/strong> come\u00e7ou oficialmente nesta sexta-feira, mobilizando f\u00e3s de m\u00fasica de todo o estado do Paran\u00e1. A cobertura em tempo real traz cada detalhe diretamente da Cidade do Rock, mostrando a energia do p\u00fablico e os preparativos para as grandes atra\u00e7\u00f5es que v\u00e3o dominar o fim de semana.<\/p>\n<h2>A chegada do p\u00fablico na Cidade do Rock<\/h2>\n<p>Os port\u00f5es foram abertos no in\u00edcio da tarde, atraindo milhares de visitantes para a Cidade do Rock. A movimenta\u00e7\u00e3o intensa nas entradas reflete a alta expectativa para esta edi\u00e7\u00e3o do evento, que promete marcar a hist\u00f3ria cultural da regi\u00e3o com grandes apresenta\u00e7\u00f5es musicais e infraestrutura completa.<\/p>\n<h2>Esquema de seguran\u00e7a e mobilidade<\/h2>\n<p>A organiza\u00e7\u00e3o preparou um esquema especial de tr\u00e2nsito e seguran\u00e7a para receber os turistas e moradores locais. Equipes de apoio est\u00e3o espalhadas por pontos estrat\u00e9gicos para orientar os participantes que chegam para curtir a maratona de shows programada para os pr\u00f3ximos dias de festival.<\/p>\n<p>A expectativa para as pr\u00f3ximas horas \u00e9 de lota\u00e7\u00e3o m\u00e1xima nos palcos principais, com o p\u00fablico aguardando ansiosamente pelos artistas mais esperados do line-up de abertura.<\/p>\n<p>Por Reda\u00e7\u00e3o Acontece<\/p>\n<p>Cr\u00e9ditos da imagem: Divulga\u00e7\u00e3o \/ Foz in Rio<\/p>\n","protected":false},"excerpt":{"rendered":"<p>A abertura do festival Foz in Rio 2026 come\u00e7ou oficialmente nesta sexta-feira, mobilizando f\u00e3s de m\u00fasica de todo o estado do Paran\u00e1. A cobertura em tempo real traz cada detalhe diretamente da Cidade do Rock, mostrando a energia do p\u00fablico e os preparativos para as grandes atra\u00e7\u00f5es que v\u00e3o dominar o fim de semana. A [&hellip;]<\/p>\n","protected":false},"author":0,"featured_media":35654,"comment_status":"open","ping_status":"open","sticky":false,"template":"","format":"standard","meta":{"footnotes":""},"categories":[28],"tags":[],"class_list":["post-35648","post","type-post","status-publish","format-standard","has-post-thumbnail","hentry","category-mundo"],"_links":{"self":[{"href":"https:\/\/acontecenafronteira.com.br\/index.php\/wp-json\/wp\/v2\/posts\/35648","targetHints":{"allow":["GET"]}}],"collection":[{"href":"https:\/\/acontecenafronteira.com.br\/index.php\/wp-json\/wp\/v2\/posts"}],"about":[{"href":"https:\/\/acontecenafronteira.com.br\/index.php\/wp-json\/wp\/v2\/types\/post"}],"replies":[{"embeddable":true,"href":"https:\/\/acontecenafronteira.com.br\/index.php\/wp-json\/wp\/v2\/comments?post=35648"}],"version-history":[{"count":1,"href":"https:\/\/acontecenafronteira.com.br\/index.php\/wp-json\/wp\/v2\/posts\/35648\/revisions"}],"predecessor-version":[{"id":35653,"href":"https:\/\/acontecenafronteira.com.br\/index.php\/wp-json\/wp\/v2\/posts\/35648\/revisions\/35653"}],"wp:featuredmedia":[{"embeddable":true,"href":"https:\/\/acontecenafronteira.com.br\/index.php\/wp-json\/wp\/v2\/media\/35654"}],"wp:attachment":[{"href":"https:\/\/acontecenafronteira.com.br\/index.php\/wp-json\/wp\/v2\/media?parent=35648"}],"wp:term":[{"taxonomy":"category","embeddable":true,"href":"https:\/\/acontecenafronteira.com.br\/index.php\/wp-json\/wp\/v2\/categories?post=35648"},{"taxonomy":"post_tag","embeddable":true,"href":"https:\/\/acontecenafronteira.com.br\/index.php\/wp-json\/wp\/v2\/tags?post=35648"}],"curies":[{"name":"wp","href":"https:\/\/api.w.org\/{rel}","templated":true}]}}