{"id":35637,"date":"2026-09-04T22:36:57","date_gmt":"2026-09-05T01:36:57","guid":{"rendered":"https:\/\/acontecenafronteira.com.br\/?p=35637"},"modified":"2026-09-04T22:36:57","modified_gmt":"2026-09-05T01:36:57","slug":"vasco-vence-o-palmeiras-e-e-campeao-do-brasileirao-sub-20","status":"publish","type":"post","link":"https:\/\/acontecenafronteira.com.br\/index.php\/2026\/09\/04\/vasco-vence-o-palmeiras-e-e-campeao-do-brasileirao-sub-20\/","title":{"rendered":"Vasco vence o Palmeiras e \u00e9 campe\u00e3o do Brasileir\u00e3o Sub-20"},"content":{"rendered":"<p>O time sub-20 do Vasco escreveu seu nome na hist\u00f3ria do clube ao conquistar o in\u00e9dito t\u00edtulo do Campeonato Brasileiro da categoria, superando o Palmeiras em uma virada emocionante na grande decis\u00e3o realizada nesta sexta-feira (4\/9).<\/p>\n<h2>A virada hist\u00f3rica em S\u00e3o Paulo<\/h2>\n<p>O confronto decisivo aconteceu no Nubank Parque, em solo paulista, onde o Gigante da Colina precisava reverter a vantagem advers\u00e1ria constru\u00edda no jogo de ida.<\/p>\n<p>O grande destaque da partida foi o atacante Andrey Fernandes, autor dos dois gols que garantiram a vit\u00f3ria por 2 a 0 e asseguraram a ta\u00e7a nacional para a equipe carioca, que havia perdido o primeiro duelo em casa por 1 a 0.<\/p>\n<h2>A campanha at\u00e9 o topo do futebol nacional<\/h2>\n<p>Antes de erguer a ta\u00e7a, a equipe cruz-maltina teve uma trajet\u00f3ria desafiadora, terminando a fase inicial na segunda coloca\u00e7\u00e3o geral, somando 36 pontos, ficando atr\u00e1s apenas do pr\u00f3prio Palmeiras.<\/p>\n<p>Nas quartas de final, os garotos superaram o Cruzeiro ap\u00f3s reverterem uma derrota inicial de 1 a 0 com um triunfo por 2 a 0 no Rio de Janeiro.<\/p>\n<p>O roteiro dram\u00e1tico se repetiram na semifinal diante do Santos, onde o time devolveu o rev\u00e9s por 2 a 0 sofrido na Vila Belmiro e levou a melhor na disputa por p\u00eanaltis.<\/p>\n<p>Com este triunfo hist\u00f3rico sobre o Alviverde, que vinha de conquistas consecutivas em 2024 e 2025, o clube carioca encerra a hegemonia paulista na base e coroa a excelente gera\u00e7\u00e3o de jovens talentos.<\/p>\n<p>Por Reda\u00e7\u00e3o Acontece<\/p>\n<p>Foto: Divulga\u00e7\u00e3o \/ Vasco Base<\/p>\n","protected":false},"excerpt":{"rendered":"<p>O time sub-20 do Vasco escreveu seu nome na hist\u00f3ria do clube ao conquistar o in\u00e9dito t\u00edtulo do Campeonato Brasileiro da categoria, superando o Palmeiras em uma virada emocionante na grande decis\u00e3o realizada nesta sexta-feira (4\/9). A virada hist\u00f3rica em S\u00e3o Paulo O confronto decisivo aconteceu no Nubank Parque, em solo paulista, onde o Gigante [&hellip;]<\/p>\n","protected":false},"author":0,"featured_media":35647,"comment_status":"open","ping_status":"open","sticky":false,"template":"","format":"standard","meta":{"footnotes":""},"categories":[6],"tags":[],"class_list":["post-35637","post","type-post","status-publish","format-standard","has-post-thumbnail","hentry","category-mercosul"],"_links":{"self":[{"href":"https:\/\/acontecenafronteira.com.br\/index.php\/wp-json\/wp\/v2\/posts\/35637","targetHints":{"allow":["GET"]}}],"collection":[{"href":"https:\/\/acontecenafronteira.com.br\/index.php\/wp-json\/wp\/v2\/posts"}],"about":[{"href":"https:\/\/acontecenafronteira.com.br\/index.php\/wp-json\/wp\/v2\/types\/post"}],"replies":[{"embeddable":true,"href":"https:\/\/acontecenafronteira.com.br\/index.php\/wp-json\/wp\/v2\/comments?post=35637"}],"version-history":[{"count":1,"href":"https:\/\/acontecenafronteira.com.br\/index.php\/wp-json\/wp\/v2\/posts\/35637\/revisions"}],"predecessor-version":[{"id":35646,"href":"https:\/\/acontecenafronteira.com.br\/index.php\/wp-json\/wp\/v2\/posts\/35637\/revisions\/35646"}],"wp:featuredmedia":[{"embeddable":true,"href":"https:\/\/acontecenafronteira.com.br\/index.php\/wp-json\/wp\/v2\/media\/35647"}],"wp:attachment":[{"href":"https:\/\/acontecenafronteira.com.br\/index.php\/wp-json\/wp\/v2\/media?parent=35637"}],"wp:term":[{"taxonomy":"category","embeddable":true,"href":"https:\/\/acontecenafronteira.com.br\/index.php\/wp-json\/wp\/v2\/categories?post=35637"},{"taxonomy":"post_tag","embeddable":true,"href":"https:\/\/acontecenafronteira.com.br\/index.php\/wp-json\/wp\/v2\/tags?post=35637"}],"curies":[{"name":"wp","href":"https:\/\/api.w.org\/{rel}","templated":true}]}}