{"id":35636,"date":"2026-09-04T22:36:53","date_gmt":"2026-09-05T01:36:53","guid":{"rendered":"https:\/\/acontecenafronteira.com.br\/?p=35636"},"modified":"2026-09-04T22:36:53","modified_gmt":"2026-09-05T01:36:53","slug":"foz-do-iguacu-e-parana-deputado-nikolas-ferreira-sofre-ovada","status":"publish","type":"post","link":"https:\/\/acontecenafronteira.com.br\/index.php\/2026\/09\/04\/foz-do-iguacu-e-parana-deputado-nikolas-ferreira-sofre-ovada\/","title":{"rendered":"Foz do Igua\u00e7u e Paran\u00e1: Deputado Nikolas Ferreira sofre ovada"},"content":{"rendered":"<p>O deputado federal Nikolas Ferreira (PL-MG) virou assunto nas redes sociais ap\u00f3s ser atingido por ovos durante uma agenda de campanha realizada na Regi\u00e3o Metropolitana de Belo Horizonte.<\/p>\n<h2>Rea\u00e7\u00e3o do parlamentar nas redes sociais<\/h2>\n<p>Logo ap\u00f3s o ocorrido na sexta-feira (4\/9), o parlamentar ironizou o epis\u00f3dio em seu perfil oficial na internet, publicando a frase &#8220;Sou anti ovos kkkkk&#8221; e demonstrando manter o bom humor diante da situa\u00e7\u00e3o inesperada.<\/p>\n<h2>Como aconteceu o ataque com ovos<\/h2>\n<p>O incidente ocorreu no centro de Lagoa Santa, enquanto o deputado estava em cima de um ve\u00edculo conversando com eleitores e apoiadores. Um indiv\u00edduo n\u00e3o identificado arremessou ao menos tr\u00eas ovos contra o grupo enquanto proferia xingamentos e protestos.<\/p>\n<p>As imagens do momento mostram o exato instante em que o objeto acerta as costas do pol\u00edtico, que reagiu pedindo para que os presentes detivessem o agressor.<\/p>\n<h2>Fuga do suspeito e apoio pol\u00edtico<\/h2>\n<p>Ap\u00f3s cometer o ato, o homem realizou gestos obscenos para a multid\u00e3o e conseguiu fugir do local rapidamente, sem que sua identidade fosse divulgada pelas autoridades at\u00e9 o momento.<\/p>\n<p>Durante a mesma postagem em que comentou o ataque, o deputado tamb\u00e9m aproveitou para manifestar solidariedade ao ministro Andr\u00e9 Mendon\u00e7a, refor\u00e7ando seu posicionamento pol\u00edtico em meio a debates do cen\u00e1rio nacional.<\/p>\n<p>Por Reda\u00e7\u00e3o Acontece<\/p>\n<p>Reprodu\u00e7\u00e3o \/ Redes Sociais<\/p>\n","protected":false},"excerpt":{"rendered":"<p>O deputado federal Nikolas Ferreira (PL-MG) virou assunto nas redes sociais ap\u00f3s ser atingido por ovos durante uma agenda de campanha realizada na Regi\u00e3o Metropolitana de Belo Horizonte. Rea\u00e7\u00e3o do parlamentar nas redes sociais Logo ap\u00f3s o ocorrido na sexta-feira (4\/9), o parlamentar ironizou o epis\u00f3dio em seu perfil oficial na internet, publicando a frase [&hellip;]<\/p>\n","protected":false},"author":0,"featured_media":35645,"comment_status":"open","ping_status":"open","sticky":false,"template":"","format":"standard","meta":{"footnotes":""},"categories":[6],"tags":[],"class_list":["post-35636","post","type-post","status-publish","format-standard","has-post-thumbnail","hentry","category-mercosul"],"_links":{"self":[{"href":"https:\/\/acontecenafronteira.com.br\/index.php\/wp-json\/wp\/v2\/posts\/35636","targetHints":{"allow":["GET"]}}],"collection":[{"href":"https:\/\/acontecenafronteira.com.br\/index.php\/wp-json\/wp\/v2\/posts"}],"about":[{"href":"https:\/\/acontecenafronteira.com.br\/index.php\/wp-json\/wp\/v2\/types\/post"}],"replies":[{"embeddable":true,"href":"https:\/\/acontecenafronteira.com.br\/index.php\/wp-json\/wp\/v2\/comments?post=35636"}],"version-history":[{"count":1,"href":"https:\/\/acontecenafronteira.com.br\/index.php\/wp-json\/wp\/v2\/posts\/35636\/revisions"}],"predecessor-version":[{"id":35644,"href":"https:\/\/acontecenafronteira.com.br\/index.php\/wp-json\/wp\/v2\/posts\/35636\/revisions\/35644"}],"wp:featuredmedia":[{"embeddable":true,"href":"https:\/\/acontecenafronteira.com.br\/index.php\/wp-json\/wp\/v2\/media\/35645"}],"wp:attachment":[{"href":"https:\/\/acontecenafronteira.com.br\/index.php\/wp-json\/wp\/v2\/media?parent=35636"}],"wp:term":[{"taxonomy":"category","embeddable":true,"href":"https:\/\/acontecenafronteira.com.br\/index.php\/wp-json\/wp\/v2\/categories?post=35636"},{"taxonomy":"post_tag","embeddable":true,"href":"https:\/\/acontecenafronteira.com.br\/index.php\/wp-json\/wp\/v2\/tags?post=35636"}],"curies":[{"name":"wp","href":"https:\/\/api.w.org\/{rel}","templated":true}]}}