{"id":35634,"date":"2026-09-04T22:36:45","date_gmt":"2026-09-05T01:36:45","guid":{"rendered":"https:\/\/acontecenafronteira.com.br\/?p=35634"},"modified":"2026-09-04T22:36:45","modified_gmt":"2026-09-05T01:36:45","slug":"pgr-investiga-suposta-pressao-em-relatorio-da-pf-no-parana","status":"publish","type":"post","link":"https:\/\/acontecenafronteira.com.br\/index.php\/2026\/09\/04\/pgr-investiga-suposta-pressao-em-relatorio-da-pf-no-parana\/","title":{"rendered":"PGR investiga suposta press\u00e3o em relat\u00f3rio da PF no Paran\u00e1"},"content":{"rendered":"<p>A Procuradoria-Geral da Rep\u00fablica iniciou nesta sexta-feira uma investiga\u00e7\u00e3o formal para examinar a conduta da Pol\u00edcia Federal na confec\u00e7\u00e3o do documento que apontou liga\u00e7\u00f5es entre o ministro Alexandre de Moraes, do Supremo Tribunal Federal, e o ex-banqueiro Daniel Vorcaro, alvo da Opera\u00e7\u00e3o Compliance Zero.<\/p>\n<h2>Detalhes da investiga\u00e7\u00e3o da PGR<\/h2>\n<p>O procurador-geral da Rep\u00fablica solicitou que a corpora\u00e7\u00e3o esclare\u00e7a os bastidores da elabora\u00e7\u00e3o do material e verifique a eventual ocorr\u00eancia de ordens ou press\u00f5es externas que pudessem comprometer a integridade do conte\u00fado. A comunica\u00e7\u00e3o oficial foi enviada ao presidente do STF.<\/p>\n<h2>Contexto do documento da PF<\/h2>\n<p>O relat\u00f3rio em quest\u00e3o foi produzido a pedido do ministro Andr\u00e9 Mendon\u00e7a e tamb\u00e9m menciona o chefe da PGR e o diretor-geral da Pol\u00edcia Federal. A apura\u00e7\u00e3o ocorre por meio de um Procedimento de Controle Externo da Atividade Policial, mecanismo utilizado pelo Minist\u00e9rio P\u00fablico para supervisionar as for\u00e7as de seguran\u00e7a.<\/p>\n<p>A Procuradoria destacou que n\u00e3o foi informada previamente sobre a decis\u00e3o que ordenou a produ\u00e7\u00e3o do material, o que impediu a atua\u00e7\u00e3o regular do \u00f3rg\u00e3o fiscalizador. O Supremo agora aguarda as manifesta\u00e7\u00f5es dos envolvidos para decidir sobre os pr\u00f3ximos passos do processo.<\/p>\n<p>Por Reda\u00e7\u00e3o Acontece<\/p>\n<p>Imagem: Divulga\u00e7\u00e3o \/ Ag\u00eancia Brasil<\/p>\n","protected":false},"excerpt":{"rendered":"<p>A Procuradoria-Geral da Rep\u00fablica iniciou nesta sexta-feira uma investiga\u00e7\u00e3o formal para examinar a conduta da Pol\u00edcia Federal na confec\u00e7\u00e3o do documento que apontou liga\u00e7\u00f5es entre o ministro Alexandre de Moraes, do Supremo Tribunal Federal, e o ex-banqueiro Daniel Vorcaro, alvo da Opera\u00e7\u00e3o Compliance Zero. Detalhes da investiga\u00e7\u00e3o da PGR O procurador-geral da Rep\u00fablica solicitou que [&hellip;]<\/p>\n","protected":false},"author":0,"featured_media":35641,"comment_status":"open","ping_status":"open","sticky":false,"template":"","format":"standard","meta":{"footnotes":""},"categories":[6],"tags":[],"class_list":["post-35634","post","type-post","status-publish","format-standard","has-post-thumbnail","hentry","category-mercosul"],"_links":{"self":[{"href":"https:\/\/acontecenafronteira.com.br\/index.php\/wp-json\/wp\/v2\/posts\/35634","targetHints":{"allow":["GET"]}}],"collection":[{"href":"https:\/\/acontecenafronteira.com.br\/index.php\/wp-json\/wp\/v2\/posts"}],"about":[{"href":"https:\/\/acontecenafronteira.com.br\/index.php\/wp-json\/wp\/v2\/types\/post"}],"replies":[{"embeddable":true,"href":"https:\/\/acontecenafronteira.com.br\/index.php\/wp-json\/wp\/v2\/comments?post=35634"}],"version-history":[{"count":1,"href":"https:\/\/acontecenafronteira.com.br\/index.php\/wp-json\/wp\/v2\/posts\/35634\/revisions"}],"predecessor-version":[{"id":35640,"href":"https:\/\/acontecenafronteira.com.br\/index.php\/wp-json\/wp\/v2\/posts\/35634\/revisions\/35640"}],"wp:featuredmedia":[{"embeddable":true,"href":"https:\/\/acontecenafronteira.com.br\/index.php\/wp-json\/wp\/v2\/media\/35641"}],"wp:attachment":[{"href":"https:\/\/acontecenafronteira.com.br\/index.php\/wp-json\/wp\/v2\/media?parent=35634"}],"wp:term":[{"taxonomy":"category","embeddable":true,"href":"https:\/\/acontecenafronteira.com.br\/index.php\/wp-json\/wp\/v2\/categories?post=35634"},{"taxonomy":"post_tag","embeddable":true,"href":"https:\/\/acontecenafronteira.com.br\/index.php\/wp-json\/wp\/v2\/tags?post=35634"}],"curies":[{"name":"wp","href":"https:\/\/api.w.org\/{rel}","templated":true}]}}