{"id":35633,"date":"2026-09-04T22:36:36","date_gmt":"2026-09-05T01:36:36","guid":{"rendered":"https:\/\/acontecenafronteira.com.br\/?p=35633"},"modified":"2026-09-04T22:36:36","modified_gmt":"2026-09-05T01:36:36","slug":"operacao-antidrogas-no-parana-ganha-reforco-e-novas-diretrizes","status":"publish","type":"post","link":"https:\/\/acontecenafronteira.com.br\/index.php\/2026\/09\/04\/operacao-antidrogas-no-parana-ganha-reforco-e-novas-diretrizes\/","title":{"rendered":"Opera\u00e7\u00e3o antidrogas no Paran\u00e1 ganha refor\u00e7o e novas diretrizes"},"content":{"rendered":"<p>As autoridades de seguran\u00e7a intensificaram o monitoramento de rotas estrat\u00e9gicas ligadas ao tr\u00e1fico internacional de entorpecentes, trazendo reflexos diretos para as opera\u00e7\u00f5es de intelig\u00eancia e fiscaliza\u00e7\u00e3o em territ\u00f3rio paranaense.<\/p>\n<h2>Estrat\u00e9gia de combate ao narcotr\u00e1fico<\/h2>\n<p>As a\u00e7\u00f5es coordenadas entre diferentes for\u00e7as de seguran\u00e7a visam desarticular esquemas log\u00edsticos complexos utilizados por fac\u00e7\u00f5es criminosas para o escoamento de drogas em dire\u00e7\u00e3o a grandes centros e rotas de exporta\u00e7\u00e3o.<\/p>\n<h3>Impacto nas rotas terrestres e fluviais<\/h3>\n<p>O cerco aos cart\u00e9is internacionais altera a din\u00e2mica do crime organizado, exigindo maior vigil\u00e2ncia nas divis\u00f5es estaduais e fronteiri\u00e7as para impedir que o fluxo il\u00edcito busque rotas alternativas pelo interior do pa\u00eds.<\/p>\n<p>As investiga\u00e7\u00f5es apontam que a coopera\u00e7\u00e3o entre ag\u00eancias de intelig\u00eancia \u00e9 fundamental para neutralizar pontos de apoio log\u00edstico que sustentam as redes criminosas transnacionais.<\/p>\n<p>Com o cerco fechando-se sobre as principais fac\u00e7\u00f5es envolvidas no tr\u00e1fico mar\u00edtimo e terrestre, os \u00f3rg\u00e3os de seguran\u00e7a mant\u00eam o alerta m\u00e1ximo para garantir a ordem p\u00fablica e a seguran\u00e7a da popula\u00e7\u00e3o.<\/p>\n<p>Por Reda\u00e7\u00e3o Acontece<\/p>\n<p>Imagem: Divulga\u00e7\u00e3o \/ Seguran\u00e7a P\u00fablica<\/p>\n","protected":false},"excerpt":{"rendered":"<p>As autoridades de seguran\u00e7a intensificaram o monitoramento de rotas estrat\u00e9gicas ligadas ao tr\u00e1fico internacional de entorpecentes, trazendo reflexos diretos para as opera\u00e7\u00f5es de intelig\u00eancia e fiscaliza\u00e7\u00e3o em territ\u00f3rio paranaense. Estrat\u00e9gia de combate ao narcotr\u00e1fico As a\u00e7\u00f5es coordenadas entre diferentes for\u00e7as de seguran\u00e7a visam desarticular esquemas log\u00edsticos complexos utilizados por fac\u00e7\u00f5es criminosas para o escoamento de [&hellip;]<\/p>\n","protected":false},"author":0,"featured_media":35639,"comment_status":"open","ping_status":"open","sticky":false,"template":"","format":"standard","meta":{"footnotes":""},"categories":[6],"tags":[],"class_list":["post-35633","post","type-post","status-publish","format-standard","has-post-thumbnail","hentry","category-mercosul"],"_links":{"self":[{"href":"https:\/\/acontecenafronteira.com.br\/index.php\/wp-json\/wp\/v2\/posts\/35633","targetHints":{"allow":["GET"]}}],"collection":[{"href":"https:\/\/acontecenafronteira.com.br\/index.php\/wp-json\/wp\/v2\/posts"}],"about":[{"href":"https:\/\/acontecenafronteira.com.br\/index.php\/wp-json\/wp\/v2\/types\/post"}],"replies":[{"embeddable":true,"href":"https:\/\/acontecenafronteira.com.br\/index.php\/wp-json\/wp\/v2\/comments?post=35633"}],"version-history":[{"count":1,"href":"https:\/\/acontecenafronteira.com.br\/index.php\/wp-json\/wp\/v2\/posts\/35633\/revisions"}],"predecessor-version":[{"id":35638,"href":"https:\/\/acontecenafronteira.com.br\/index.php\/wp-json\/wp\/v2\/posts\/35633\/revisions\/35638"}],"wp:featuredmedia":[{"embeddable":true,"href":"https:\/\/acontecenafronteira.com.br\/index.php\/wp-json\/wp\/v2\/media\/35639"}],"wp:attachment":[{"href":"https:\/\/acontecenafronteira.com.br\/index.php\/wp-json\/wp\/v2\/media?parent=35633"}],"wp:term":[{"taxonomy":"category","embeddable":true,"href":"https:\/\/acontecenafronteira.com.br\/index.php\/wp-json\/wp\/v2\/categories?post=35633"},{"taxonomy":"post_tag","embeddable":true,"href":"https:\/\/acontecenafronteira.com.br\/index.php\/wp-json\/wp\/v2\/tags?post=35633"}],"curies":[{"name":"wp","href":"https:\/\/api.w.org\/{rel}","templated":true}]}}