{"id":35622,"date":"2026-09-04T22:36:33","date_gmt":"2026-09-05T01:36:33","guid":{"rendered":"https:\/\/acontecenafronteira.com.br\/?p=35622"},"modified":"2026-09-04T22:36:33","modified_gmt":"2026-09-05T01:36:33","slug":"pgr-investiga-pf-por-relatorio-com-mensagens-de-banqueiro-a-moraes","status":"publish","type":"post","link":"https:\/\/acontecenafronteira.com.br\/index.php\/2026\/09\/04\/pgr-investiga-pf-por-relatorio-com-mensagens-de-banqueiro-a-moraes\/","title":{"rendered":"PGR investiga PF por relat\u00f3rio com mensagens de banqueiro a Moraes"},"content":{"rendered":"<p>O procurador-geral da Rep\u00fablica, Paulo Gonet, determinou a abertura de uma investiga\u00e7\u00e3o oficial para apurar se houve interfer\u00eancia da Pol\u00edcia Federal na produ\u00e7\u00e3o de um relat\u00f3rio que detalhou comunica\u00e7\u00f5es do banqueiro Daniel Vorcaro com o ministro Alexandre de Moraes, do Supremo Tribunal Federal (STF). Al\u00e9m disso, Gonet solicitou ao presidente da Corte, Edson Fachin, autoriza\u00e7\u00e3o para examinar a eventual participa\u00e7\u00e3o do ministro Andr\u00e9 Mendon\u00e7a no epis\u00f3dio.<\/p>\n<h2>Entenda o despacho da PGR<\/h2>\n<p>No documento que oficializa a apura\u00e7\u00e3o, o chefe da Procuradoria-Geral da Rep\u00fablica destacou a necessidade de esclarecer as circunst\u00e2ncias da confec\u00e7\u00e3o do documento policial. A ordem exige que a autoridade policial explique se houve qualquer tipo de ordem ou interfer\u00eancia externa que pudesse comprometer a lisura do conte\u00fado apresentado.<\/p>\n<p>O relat\u00f3rio em quest\u00e3o nasceu de uma determina\u00e7\u00e3o de Mendon\u00e7a para identificar interlocutores de Vorcaro nas mensagens interceptadas. Como resposta, a Pol\u00edcia Federal elaborou um dossi\u00ea de 218 p\u00e1ginas reunindo conversas do banqueiro com Moraes, al\u00e9m de men\u00e7\u00f5es a outras autoridades de destaque, como o pr\u00f3prio Gonet e o diretor-geral da corpora\u00e7\u00e3o, Andrei Rodrigues.<\/p>\n<h2>Falta de consulta e men\u00e7\u00f5es a autoridades<\/h2>\n<p>Gonet argumenta que a PGR n\u00e3o foi consultada previamente sobre a elabora\u00e7\u00e3o do material, o que impediu a realiza\u00e7\u00e3o do controle externo da atividade policial, etapa considerada fundamental para qualquer procedimento investigativo no pa\u00eds.<\/p>\n<p>O mesmo relat\u00f3rio que exp\u00f5e as conversas de Vorcaro com Moraes tamb\u00e9m faz cita\u00e7\u00f5es diretas ao procurador-geral. Em mar\u00e7o de 2025, registros mostram que o advogado Ciro Rocha Soares enviou ao banqueiro uma foto ao lado de Gonet, seguida de chamadas de voz. Em outro momento, o mesmo advogado encaminhou mensagens atribu\u00eddas ao chefe da PGR que mencionavam conversas sobre viagens e encontros sociais.<\/p>\n<p>Diante do cen\u00e1rio de turbul\u00eancia nos bastidores da mais alta corte do pa\u00eds, a crise institucional escalou ap\u00f3s um pedido formal de Moraes para que Mendon\u00e7a seja investigado por supostos crimes na condu\u00e7\u00e3o de inqu\u00e9ritos. Com a press\u00e3o em alta, cabe agora ao presidente do STF, Edson Fachin, analisar os desdobramentos e definir os pr\u00f3ximos passos do procedimento instaurado.<\/p>\n<p>Por Reda\u00e7\u00e3o Acontece<\/p>\n<p>Imagem: Divulga\u00e7\u00e3o\/STF<\/p>\n","protected":false},"excerpt":{"rendered":"<p>O procurador-geral da Rep\u00fablica, Paulo Gonet, determinou a abertura de uma investiga\u00e7\u00e3o oficial para apurar se houve interfer\u00eancia da Pol\u00edcia Federal na produ\u00e7\u00e3o de um relat\u00f3rio que detalhou comunica\u00e7\u00f5es do banqueiro Daniel Vorcaro com o ministro Alexandre de Moraes, do Supremo Tribunal Federal (STF). Al\u00e9m disso, Gonet solicitou ao presidente da Corte, Edson Fachin, autoriza\u00e7\u00e3o [&hellip;]<\/p>\n","protected":false},"author":0,"featured_media":35632,"comment_status":"open","ping_status":"open","sticky":false,"template":"","format":"standard","meta":{"footnotes":""},"categories":[28],"tags":[],"class_list":["post-35622","post","type-post","status-publish","format-standard","has-post-thumbnail","hentry","category-mundo"],"_links":{"self":[{"href":"https:\/\/acontecenafronteira.com.br\/index.php\/wp-json\/wp\/v2\/posts\/35622","targetHints":{"allow":["GET"]}}],"collection":[{"href":"https:\/\/acontecenafronteira.com.br\/index.php\/wp-json\/wp\/v2\/posts"}],"about":[{"href":"https:\/\/acontecenafronteira.com.br\/index.php\/wp-json\/wp\/v2\/types\/post"}],"replies":[{"embeddable":true,"href":"https:\/\/acontecenafronteira.com.br\/index.php\/wp-json\/wp\/v2\/comments?post=35622"}],"version-history":[{"count":1,"href":"https:\/\/acontecenafronteira.com.br\/index.php\/wp-json\/wp\/v2\/posts\/35622\/revisions"}],"predecessor-version":[{"id":35631,"href":"https:\/\/acontecenafronteira.com.br\/index.php\/wp-json\/wp\/v2\/posts\/35622\/revisions\/35631"}],"wp:featuredmedia":[{"embeddable":true,"href":"https:\/\/acontecenafronteira.com.br\/index.php\/wp-json\/wp\/v2\/media\/35632"}],"wp:attachment":[{"href":"https:\/\/acontecenafronteira.com.br\/index.php\/wp-json\/wp\/v2\/media?parent=35622"}],"wp:term":[{"taxonomy":"category","embeddable":true,"href":"https:\/\/acontecenafronteira.com.br\/index.php\/wp-json\/wp\/v2\/categories?post=35622"},{"taxonomy":"post_tag","embeddable":true,"href":"https:\/\/acontecenafronteira.com.br\/index.php\/wp-json\/wp\/v2\/tags?post=35622"}],"curies":[{"name":"wp","href":"https:\/\/api.w.org\/{rel}","templated":true}]}}