{"id":35620,"date":"2026-09-04T22:36:23","date_gmt":"2026-09-05T01:36:23","guid":{"rendered":"https:\/\/acontecenafronteira.com.br\/?p=35620"},"modified":"2026-09-04T22:36:23","modified_gmt":"2026-09-05T01:36:23","slug":"carnan-debuta-na-passarela-homenageando-oscar-niemeyer","status":"publish","type":"post","link":"https:\/\/acontecenafronteira.com.br\/index.php\/2026\/09\/04\/carnan-debuta-na-passarela-homenageando-oscar-niemeyer\/","title":{"rendered":"Carnan debuta na passarela homenageando Oscar Niemeyer"},"content":{"rendered":"<p>A marca <b>Carnan<\/b> realizou sua estreia nas passarelas nesta sexta-feira (4), em Niter\u00f3i (RJ), apresentando uma colabora\u00e7\u00e3o in\u00e9dita e exclusiva com o <b>Instituto Oscar Niemeyer<\/b>. A cole\u00e7\u00e3o batizada de Carnan &amp; Niemeyer traduz o repert\u00f3rio arquitet\u00f4nico do c\u00e9lebre arquiteto em cria\u00e7\u00f5es que mant\u00eam a identidade visual da etiqueta.<\/p>\n<h2>Arquitetura e moda na passarela<\/h2>\n<p>O cen\u00e1rio escolhido para o desfile foi o <b>Caminho Niemeyer<\/b>, localidade que abriga a segunda maior concentra\u00e7\u00e3o de projetos do arquiteto no mundo. A escolha geogr\u00e1fica tamb\u00e9m possui forte apelo afetivo, pois \u00e9 a cidade natal de <b>Breno Fernandes<\/b>, cofundador da marca criada em 2018 ao lado de Paulo Carneiro.<\/p>\n<h2>Inspira\u00e7\u00f5es nas obras de Niemeyer<\/h2>\n<p>As curvas, os tra\u00e7os marcantes, as cores e as estruturas monumentais de Niemeyer serviram de base criativa para o vestu\u00e1rio. O resultado apareceu em formato de plissados, recortes construtivos e bordados detalhados.<\/p>\n<p>O processo criativo buscou refer\u00eancias em constru\u00e7\u00f5es emblem\u00e1ticas como o <b>Pal\u00e1cio do Itamaraty<\/b>, o <b>Congresso Nacional<\/b> e o complexo da <b>Pampulha<\/b>. Projetos de destaque fora do pa\u00eds, a exemplo da sede do <b>Partido Comunista Franc\u00eas<\/b> em Paris e o <b>Le Volcan<\/b> na Fran\u00e7a, al\u00e9m do paulistano <b>Edif\u00edcio Copan<\/b>, tamb\u00e9m influenciaram as pe\u00e7as.<\/p>\n<h2>Detalhes da cole\u00e7\u00e3o<\/h2>\n<p>Na passarela, o p\u00fablico conferiu alfaiataria fluida, jeans com variadas lavagens e faixas plissadas amarradas na cintura. Moletons e camisetas com o logotipo oficial da parceria ofereceram uma abordagem comercial e direta ao projeto.<\/p>\n<p>A paleta de cores passeou por nuances terrosas, al\u00e9m de interven\u00e7\u00f5es em vermelho e branco, dialogando diretamente com a est\u00e9tica brutalista do concreto do Caminho Niemeyer. O encerramento do desfile foi marcado por um visual inteiramente branco desfilado por uma modelo s\u00eanior.<\/p>\n<p>O evento consolidou a uni\u00e3o entre design de vestu\u00e1rio e urbanismo, projetando a marca nacional para um patamar de destaque criativo.<\/p>\n<p>Por Reda\u00e7\u00e3o Acontece<\/p>\n<p>Foto: Divulga\u00e7\u00e3o \/ @Ze_Takahashi<\/p>\n","protected":false},"excerpt":{"rendered":"<p>A marca Carnan realizou sua estreia nas passarelas nesta sexta-feira (4), em Niter\u00f3i (RJ), apresentando uma colabora\u00e7\u00e3o in\u00e9dita e exclusiva com o Instituto Oscar Niemeyer. A cole\u00e7\u00e3o batizada de Carnan &amp; Niemeyer traduz o repert\u00f3rio arquitet\u00f4nico do c\u00e9lebre arquiteto em cria\u00e7\u00f5es que mant\u00eam a identidade visual da etiqueta. Arquitetura e moda na passarela O cen\u00e1rio [&hellip;]<\/p>\n","protected":false},"author":0,"featured_media":35628,"comment_status":"open","ping_status":"open","sticky":false,"template":"","format":"standard","meta":{"footnotes":""},"categories":[28],"tags":[],"class_list":["post-35620","post","type-post","status-publish","format-standard","has-post-thumbnail","hentry","category-mundo"],"_links":{"self":[{"href":"https:\/\/acontecenafronteira.com.br\/index.php\/wp-json\/wp\/v2\/posts\/35620","targetHints":{"allow":["GET"]}}],"collection":[{"href":"https:\/\/acontecenafronteira.com.br\/index.php\/wp-json\/wp\/v2\/posts"}],"about":[{"href":"https:\/\/acontecenafronteira.com.br\/index.php\/wp-json\/wp\/v2\/types\/post"}],"replies":[{"embeddable":true,"href":"https:\/\/acontecenafronteira.com.br\/index.php\/wp-json\/wp\/v2\/comments?post=35620"}],"version-history":[{"count":1,"href":"https:\/\/acontecenafronteira.com.br\/index.php\/wp-json\/wp\/v2\/posts\/35620\/revisions"}],"predecessor-version":[{"id":35627,"href":"https:\/\/acontecenafronteira.com.br\/index.php\/wp-json\/wp\/v2\/posts\/35620\/revisions\/35627"}],"wp:featuredmedia":[{"embeddable":true,"href":"https:\/\/acontecenafronteira.com.br\/index.php\/wp-json\/wp\/v2\/media\/35628"}],"wp:attachment":[{"href":"https:\/\/acontecenafronteira.com.br\/index.php\/wp-json\/wp\/v2\/media?parent=35620"}],"wp:term":[{"taxonomy":"category","embeddable":true,"href":"https:\/\/acontecenafronteira.com.br\/index.php\/wp-json\/wp\/v2\/categories?post=35620"},{"taxonomy":"post_tag","embeddable":true,"href":"https:\/\/acontecenafronteira.com.br\/index.php\/wp-json\/wp\/v2\/tags?post=35620"}],"curies":[{"name":"wp","href":"https:\/\/api.w.org\/{rel}","templated":true}]}}