{"id":35606,"date":"2026-09-04T21:37:12","date_gmt":"2026-09-05T00:37:12","guid":{"rendered":"https:\/\/acontecenafronteira.com.br\/?p=35606"},"modified":"2026-09-04T21:37:12","modified_gmt":"2026-09-05T00:37:12","slug":"filme-com-gal-gadot-fracassa-no-rotten-tomatoes","status":"publish","type":"post","link":"https:\/\/acontecenafronteira.com.br\/index.php\/2026\/09\/04\/filme-com-gal-gadot-fracassa-no-rotten-tomatoes\/","title":{"rendered":"Filme com Gal Gadot fracassa no Rotten Tomatoes"},"content":{"rendered":"<p>O suspense de a\u00e7\u00e3o <strong>Corrida Contra o Tempo<\/strong>, estrelado por Gal Gadot, estreou recentemente no cat\u00e1logo do <strong>Prime Video<\/strong> acumulando apenas 9% de aprova\u00e7\u00e3o no agregador Rotten Tomatoes.<\/p>\n<h2>Enredo da produ\u00e7\u00e3o<\/h2>\n<p>Na trama lan\u00e7ada em 2 de setembro, a artista vive uma advogada de sucesso que enfrenta o pior pesadelo ap\u00f3s o sequestro do herdeiro. Para resgat\u00e1-lo com vida, ela precisa cruzar Londres a p\u00e9 e executar uma ordem dr\u00e1stica: assassinar um de seus pr\u00f3prios clientes.<\/p>\n<h2>Cr\u00edticas ao roteiro<\/h2>\n<p>A premissa n\u00e3o convenceu os especialistas em cinema. As principais reclama\u00e7\u00f5es recaem sobre o roteiro, avaliado como previs\u00edvel e raso, al\u00e9m de reviravoltas consideradas exageradas que enfraquecem a narrativa.<\/p>\n<p>Especialistas tamb\u00e9m apontaram falhas na constru\u00e7\u00e3o da tens\u00e3o por meio de eventos improv\u00e1veis, empurrando o longa mais para o campo do absurdo do que para um thriller envolvente.<\/p>\n<h2>Desempenho do elenco<\/h2>\n<p>A entrega f\u00edsica de Gadot representou um dos raros pontos salvos pelos cr\u00edticos. Boa parte da proje\u00e7\u00e3o exige que a atriz dispare pelas ruas londrinas, e seu condicionamento f\u00edsico para as sequ\u00eancias intensas ganhou destaque.<\/p>\n<p>Contudo, o esfor\u00e7o da protagonista n\u00e3o bastou para salvar o filme das cr\u00edticas negativas gerais, que apontam a repeti\u00e7\u00e3o de f\u00f3rmulas batidas do g\u00eanero sem nenhuma inova\u00e7\u00e3o relevante.<\/p>\n<p>Por Reda\u00e7\u00e3o Acontece<\/p>\n<p>Divulga\u00e7\u00e3o\/Prime Video<\/p>\n","protected":false},"excerpt":{"rendered":"<p>O suspense de a\u00e7\u00e3o Corrida Contra o Tempo, estrelado por Gal Gadot, estreou recentemente no cat\u00e1logo do Prime Video acumulando apenas 9% de aprova\u00e7\u00e3o no agregador Rotten Tomatoes. Enredo da produ\u00e7\u00e3o Na trama lan\u00e7ada em 2 de setembro, a artista vive uma advogada de sucesso que enfrenta o pior pesadelo ap\u00f3s o sequestro do herdeiro. [&hellip;]<\/p>\n","protected":false},"author":0,"featured_media":35615,"comment_status":"open","ping_status":"open","sticky":false,"template":"","format":"standard","meta":{"footnotes":""},"categories":[6],"tags":[],"class_list":["post-35606","post","type-post","status-publish","format-standard","has-post-thumbnail","hentry","category-mercosul"],"_links":{"self":[{"href":"https:\/\/acontecenafronteira.com.br\/index.php\/wp-json\/wp\/v2\/posts\/35606","targetHints":{"allow":["GET"]}}],"collection":[{"href":"https:\/\/acontecenafronteira.com.br\/index.php\/wp-json\/wp\/v2\/posts"}],"about":[{"href":"https:\/\/acontecenafronteira.com.br\/index.php\/wp-json\/wp\/v2\/types\/post"}],"replies":[{"embeddable":true,"href":"https:\/\/acontecenafronteira.com.br\/index.php\/wp-json\/wp\/v2\/comments?post=35606"}],"version-history":[{"count":1,"href":"https:\/\/acontecenafronteira.com.br\/index.php\/wp-json\/wp\/v2\/posts\/35606\/revisions"}],"predecessor-version":[{"id":35614,"href":"https:\/\/acontecenafronteira.com.br\/index.php\/wp-json\/wp\/v2\/posts\/35606\/revisions\/35614"}],"wp:featuredmedia":[{"embeddable":true,"href":"https:\/\/acontecenafronteira.com.br\/index.php\/wp-json\/wp\/v2\/media\/35615"}],"wp:attachment":[{"href":"https:\/\/acontecenafronteira.com.br\/index.php\/wp-json\/wp\/v2\/media?parent=35606"}],"wp:term":[{"taxonomy":"category","embeddable":true,"href":"https:\/\/acontecenafronteira.com.br\/index.php\/wp-json\/wp\/v2\/categories?post=35606"},{"taxonomy":"post_tag","embeddable":true,"href":"https:\/\/acontecenafronteira.com.br\/index.php\/wp-json\/wp\/v2\/tags?post=35606"}],"curies":[{"name":"wp","href":"https:\/\/api.w.org\/{rel}","templated":true}]}}