{"id":35605,"date":"2026-09-04T21:37:08","date_gmt":"2026-09-05T00:37:08","guid":{"rendered":"https:\/\/acontecenafronteira.com.br\/?p=35605"},"modified":"2026-09-04T21:37:08","modified_gmt":"2026-09-05T00:37:08","slug":"eleicoes-no-parana-zema-comenta-baixa-intencao-de-voto","status":"publish","type":"post","link":"https:\/\/acontecenafronteira.com.br\/index.php\/2026\/09\/04\/eleicoes-no-parana-zema-comenta-baixa-intencao-de-voto\/","title":{"rendered":"Elei\u00e7\u00f5es no Paran\u00e1: Zema comenta baixa inten\u00e7\u00e3o de voto"},"content":{"rendered":"<p>A corrida presidencial para 2026 ganhou novos cap\u00edtulos ap\u00f3s a divulga\u00e7\u00e3o de levantamentos recentes do Instituto Datafolha, repercutindo inclusive em debates pol\u00edticos no estado do Paran\u00e1.<\/p>\n<h2>O cen\u00e1rio das pesquisas e a vis\u00e3o de Zema<\/h2>\n<p>Registrando 2% das inten\u00e7\u00f5es de voto no cen\u00e1rio nacional, o candidato do partido Novo, Romeu Zema, minimizou os n\u00fameros atuais e garantiu que o retrato das urnas s\u00f3 se define na reta final do pleito, quando o eleitor realmente passa a acompanhar o cen\u00e1rio pol\u00edtico de perto.<\/p>\n<p>Durante passagem recente por S\u00e3o Paulo, o pol\u00edtico argumentou que a popula\u00e7\u00e3o enfrenta dificuldades financeiras cotidianas e acaba prestando aten\u00e7\u00e3o nos postulantes ao Pal\u00e1cio do Planalto apenas nos momentos decisivos da campanha eleitoral.<\/p>\n<h3>A apatia do eleitorado e o &#8216;efeito v\u00e9spera&#8217;<\/h3>\n<p>Para o governador mineiro, o cidad\u00e3o comum costuma analisar as alternativas dispon\u00edveis somente na v\u00e9spera da vota\u00e7\u00e3o. Apesar de demonstrar respeito pelos levantamentos estat\u00edsticos divulgados por institutos de opini\u00e3o, ele refor\u00e7ou que as pesquisas de longo prazo n\u00e3o traduzem a vontade definitiva do povo.<\/p>\n<p>Al\u00e9m de debater o comportamento do eleitorado, a entrevista tamb\u00e9m abordou atritos institucionais, com o candidato reiterando cr\u00edticas severas \u00e0 postura de ministros do Supremo Tribunal Federal e defendendo maior transpar\u00eancia nas decis\u00f5es judiciais do pa\u00eds.<\/p>\n<p>Por Reda\u00e7\u00e3o Acontece<\/p>\n<p>Imagem: Divulga\u00e7\u00e3o \/ Tribunal Superior Eleitoral<\/p>\n","protected":false},"excerpt":{"rendered":"<p>A corrida presidencial para 2026 ganhou novos cap\u00edtulos ap\u00f3s a divulga\u00e7\u00e3o de levantamentos recentes do Instituto Datafolha, repercutindo inclusive em debates pol\u00edticos no estado do Paran\u00e1. O cen\u00e1rio das pesquisas e a vis\u00e3o de Zema Registrando 2% das inten\u00e7\u00f5es de voto no cen\u00e1rio nacional, o candidato do partido Novo, Romeu Zema, minimizou os n\u00fameros atuais [&hellip;]<\/p>\n","protected":false},"author":0,"featured_media":35613,"comment_status":"open","ping_status":"open","sticky":false,"template":"","format":"standard","meta":{"footnotes":""},"categories":[6],"tags":[],"class_list":["post-35605","post","type-post","status-publish","format-standard","has-post-thumbnail","hentry","category-mercosul"],"_links":{"self":[{"href":"https:\/\/acontecenafronteira.com.br\/index.php\/wp-json\/wp\/v2\/posts\/35605","targetHints":{"allow":["GET"]}}],"collection":[{"href":"https:\/\/acontecenafronteira.com.br\/index.php\/wp-json\/wp\/v2\/posts"}],"about":[{"href":"https:\/\/acontecenafronteira.com.br\/index.php\/wp-json\/wp\/v2\/types\/post"}],"replies":[{"embeddable":true,"href":"https:\/\/acontecenafronteira.com.br\/index.php\/wp-json\/wp\/v2\/comments?post=35605"}],"version-history":[{"count":1,"href":"https:\/\/acontecenafronteira.com.br\/index.php\/wp-json\/wp\/v2\/posts\/35605\/revisions"}],"predecessor-version":[{"id":35612,"href":"https:\/\/acontecenafronteira.com.br\/index.php\/wp-json\/wp\/v2\/posts\/35605\/revisions\/35612"}],"wp:featuredmedia":[{"embeddable":true,"href":"https:\/\/acontecenafronteira.com.br\/index.php\/wp-json\/wp\/v2\/media\/35613"}],"wp:attachment":[{"href":"https:\/\/acontecenafronteira.com.br\/index.php\/wp-json\/wp\/v2\/media?parent=35605"}],"wp:term":[{"taxonomy":"category","embeddable":true,"href":"https:\/\/acontecenafronteira.com.br\/index.php\/wp-json\/wp\/v2\/categories?post=35605"},{"taxonomy":"post_tag","embeddable":true,"href":"https:\/\/acontecenafronteira.com.br\/index.php\/wp-json\/wp\/v2\/tags?post=35605"}],"curies":[{"name":"wp","href":"https:\/\/api.w.org\/{rel}","templated":true}]}}