{"id":35604,"date":"2026-09-04T21:37:04","date_gmt":"2026-09-05T00:37:04","guid":{"rendered":"https:\/\/acontecenafronteira.com.br\/?p=35604"},"modified":"2026-09-04T21:37:04","modified_gmt":"2026-09-05T00:37:04","slug":"frente-fria-no-parana-fim-de-semana-com-alerta-de-tempestades","status":"publish","type":"post","link":"https:\/\/acontecenafronteira.com.br\/index.php\/2026\/09\/04\/frente-fria-no-parana-fim-de-semana-com-alerta-de-tempestades\/","title":{"rendered":"Frente fria no Paran\u00e1: Fim de semana com alerta de tempestades"},"content":{"rendered":"<p>O estado do Paran\u00e1 se prepara para uma mudan\u00e7a dr\u00e1stica nas condi\u00e7\u00f5es meteorol\u00f3gicas neste fim de semana, com a chegada de uma nova frente fria que promete trazer chuva, aumento de nuvens e riscos de tempestades em diversas regi\u00f5es paranaenses.<\/p>\n<h2>Alerta amarelo para tempestades no Paran\u00e1<\/h2>\n<p>O Instituto Nacional de Meteorologia emitiu um alerta amarelo indicando perigo potencial para tempestades em v\u00e1rias \u00e1reas do territ\u00f3rio paranaense. A instabilidade meteorol\u00f3gica deve se intensificar no s\u00e1bado e no domingo, acompanhada de trovoadas e precipita\u00e7\u00f5es em diferentes momentos do dia.<\/p>\n<h2>Previs\u00e3o do tempo detalhada<\/h2>\n<p>Apesar da instabilidade iminente, o s\u00e1bado ainda deve registrar temperaturas elevadas em algumas cidades do estado antes da virada no tempo. No entanto, o avan\u00e7o da massa de ar frio associada ao sistema frontal provocar\u00e1 uma queda gradual nos term\u00f4metros, principalmente a partir do domingo e no feriado.<\/p>\n<h2>Cuidados redobrados com o tempo severo<\/h2>\n<p>As autoridades meteorol\u00f3gicas refor\u00e7am a necessidade de aten\u00e7\u00e3o redobrada da popula\u00e7\u00e3o devido aos riscos associados \u00e0s tempestades, que podem incluir raios e rajadas de vento ocasionais. A Defesa Civil orienta que os moradores acompanhem as atualiza\u00e7\u00f5es oficiais sobre o clima.<\/p>\n<p>A instabilidade \u00e9 fruto da movimenta\u00e7\u00e3o de um sistema frontal pelo Sul do pa\u00eds, organizando \u00e1reas favor\u00e1veis \u00e0 chuva forte e garantindo um cen\u00e1rio t\u00edpico de transi\u00e7\u00e3o clim\u00e1tica no Paran\u00e1.<\/p>\n<p>Por Reda\u00e7\u00e3o Acontece<\/p>\n<p>Imagem: Divulga\u00e7\u00e3o \/ Defesa Civil<\/p>\n","protected":false},"excerpt":{"rendered":"<p>O estado do Paran\u00e1 se prepara para uma mudan\u00e7a dr\u00e1stica nas condi\u00e7\u00f5es meteorol\u00f3gicas neste fim de semana, com a chegada de uma nova frente fria que promete trazer chuva, aumento de nuvens e riscos de tempestades em diversas regi\u00f5es paranaenses. Alerta amarelo para tempestades no Paran\u00e1 O Instituto Nacional de Meteorologia emitiu um alerta amarelo [&hellip;]<\/p>\n","protected":false},"author":0,"featured_media":35611,"comment_status":"open","ping_status":"open","sticky":false,"template":"","format":"standard","meta":{"footnotes":""},"categories":[6],"tags":[],"class_list":["post-35604","post","type-post","status-publish","format-standard","has-post-thumbnail","hentry","category-mercosul"],"_links":{"self":[{"href":"https:\/\/acontecenafronteira.com.br\/index.php\/wp-json\/wp\/v2\/posts\/35604","targetHints":{"allow":["GET"]}}],"collection":[{"href":"https:\/\/acontecenafronteira.com.br\/index.php\/wp-json\/wp\/v2\/posts"}],"about":[{"href":"https:\/\/acontecenafronteira.com.br\/index.php\/wp-json\/wp\/v2\/types\/post"}],"replies":[{"embeddable":true,"href":"https:\/\/acontecenafronteira.com.br\/index.php\/wp-json\/wp\/v2\/comments?post=35604"}],"version-history":[{"count":1,"href":"https:\/\/acontecenafronteira.com.br\/index.php\/wp-json\/wp\/v2\/posts\/35604\/revisions"}],"predecessor-version":[{"id":35610,"href":"https:\/\/acontecenafronteira.com.br\/index.php\/wp-json\/wp\/v2\/posts\/35604\/revisions\/35610"}],"wp:featuredmedia":[{"embeddable":true,"href":"https:\/\/acontecenafronteira.com.br\/index.php\/wp-json\/wp\/v2\/media\/35611"}],"wp:attachment":[{"href":"https:\/\/acontecenafronteira.com.br\/index.php\/wp-json\/wp\/v2\/media?parent=35604"}],"wp:term":[{"taxonomy":"category","embeddable":true,"href":"https:\/\/acontecenafronteira.com.br\/index.php\/wp-json\/wp\/v2\/categories?post=35604"},{"taxonomy":"post_tag","embeddable":true,"href":"https:\/\/acontecenafronteira.com.br\/index.php\/wp-json\/wp\/v2\/tags?post=35604"}],"curies":[{"name":"wp","href":"https:\/\/api.w.org\/{rel}","templated":true}]}}